{"id":4293,"date":"2022-09-02T21:00:41","date_gmt":"2022-09-02T18:00:41","guid":{"rendered":"https:\/\/tyyala.utu.fi\/vare\/?p=4293"},"modified":"2022-09-02T21:03:51","modified_gmt":"2022-09-02T18:03:51","slug":"syyskuu-september","status":"publish","type":"post","link":"https:\/\/tyyala.utu.fi\/vare\/2022\/09\/syyskuu-september\/","title":{"rendered":"Syyskuu\/September!"},"content":{"rendered":"\n<p>Hei kaikki!<\/p>\n\n\n\n<p>Syyskuu on alkanut ja niin on my\u00f6s uusi lukuvuosi. Viel\u00e4 kerran tervetuloa kaikille uusille fukseille ja varelaisille!<\/p>\n\n\n\n<p>Vareen toiminta alkaa j\u00e4lleen py\u00f6ri\u00e4 kes\u00e4tauon j\u00e4lkeen, viime viikot ovatkin kuluneet yhdess\u00e4 Kritiikki ry:n kanssa j\u00e4rjestett\u00e4viss\u00e4 fuksitapahtumissa.<\/p>\n\n\n\n<p>Syyskuussa tapahtuu seuraavaa:<\/p>\n\n\n\n<p>Perjantaip\u00e4ivystykset alkavat j\u00e4lleen viikoittain 9.9. klo 18.00 alkaen. Viime lukuvuoden tavoin p\u00e4ivystysten paikka vaihtuu joka kuukausi, t\u00e4ss\u00e4 kuussa p\u00e4ivystet\u00e4\u00e4n Portissa (H\u00e4meenkatu 7).<\/p>\n\n\n\n<p>14.9. Vareen ja Kritiikin fuksien kastajaiset! Fuksit kiert\u00e4v\u00e4t rasteja joita vanhemmat opiskelijat ovat tervetulleita seuraamaan. Ilta huipentuu tottakai itse kasteeseen. Tarkempi aikataulu ja rastipaikat ilmoitetaan my\u00f6hemmin.<\/p>\n\n\n\n<p>Vareen syysretken aika ja paikka selvi\u00e4v\u00e4t my\u00f6hemmin, mutta alustavasti se olisi viikolla 38!<\/p>\n\n\n\n<p>Muista tapahtumista seuraa infoa my\u00f6hemmin niin s\u00e4hk\u00f6postilistalla, kotisivuilla ja Facebookissa!<\/p>\n\n\n\n<p>Mukavaa syyskuuta kaikille!<\/p>\n\n\n\n<p>Terkuin <br>Alina Korte<\/p>\n\n\n\n<hr class=\"wp-block-separator\" \/>\n\n\n\n<p>Hi all!<br><br>September has begun and with it, so has another year of studies. Welcome all new students and members of Vare!<br><br>We will be resuming our events once again and the last weeks have already been busy with freshmen events.<\/p>\n\n\n\n<p>Our Friday meetings will kick-off on the 9th at 18:00; this month&#8217;s bar will be Portti (H\u00e4meenkatu 7).<\/p>\n\n\n\n<p>14.09: Freshmen &#8221;Baptising&#8221; with Kritiikki. Freshmen will complete checkpoints that other students are welcome to come check out. The night will end with the ceremonial baptising. Timetable and checkpoints will be updated here later.<\/p>\n\n\n\n<p>Our traditional Fall Trip will most likely happen during week 38. Details to follow.<\/p>\n\n\n\n<p>Other possible events will be announced here and on Facebook, Instagram and our mailing list!<\/p>\n\n\n\n<p>Have a nice September!<br><\/p>\n","protected":false},"excerpt":{"rendered":"<p>Hei kaikki! Syyskuu on alkanut ja niin on my\u00f6s uusi lukuvuosi. Viel\u00e4 kerran tervetuloa kaikille uusille fukseille ja varelaisille! Vareen toiminta alkaa j\u00e4lleen py\u00f6ri\u00e4 kes\u00e4tauon j\u00e4lkeen, viime viikot ovatkin kuluneet yhdess\u00e4 Kritiikki ry:n kanssa j\u00e4rjestett\u00e4viss\u00e4 fuksitapahtumissa. Syyskuussa tapahtuu seuraavaa: Perjantaip\u00e4ivystykset alkavat j\u00e4lleen viikoittain 9.9. klo 18.00 alkaen. Viime lukuvuoden tavoin p\u00e4ivystysten paikka vaihtuu joka kuukausi, [&hellip;]<\/p>\n","protected":false},"author":2934,"featured_media":0,"comment_status":"closed","ping_status":"","sticky":false,"template":"","format":"standard","meta":{"_kad_blocks_custom_css":"","_kad_blocks_head_custom_js":"","_kad_blocks_body_custom_js":"","_kad_blocks_footer_custom_js":"","footnotes":""},"categories":[1],"tags":[],"class_list":{"0":"post-4293","1":"post","2":"type-post","3":"status-publish","4":"format-standard","6":"category-tiedote","7":"czr-hentry"},"taxonomy_info":{"category":[{"value":1,"label":"tiedote"}]},"featured_image_src_large":false,"author_info":{"display_name":"aakett","author_link":"https:\/\/tyyala.utu.fi\/vare\/author\/aakett\/"},"comment_info":0,"category_info":[{"term_id":1,"name":"tiedote","slug":"tiedote","term_group":0,"term_taxonomy_id":1,"taxonomy":"category","description":"","parent":0,"count":333,"filter":"raw","cat_ID":1,"category_count":333,"category_description":"","cat_name":"tiedote","category_nicename":"tiedote","category_parent":0}],"tag_info":false,"_links":{"self":[{"href":"https:\/\/tyyala.utu.fi\/vare\/wp-json\/wp\/v2\/posts\/4293","targetHints":{"allow":["GET"]}}],"collection":[{"href":"https:\/\/tyyala.utu.fi\/vare\/wp-json\/wp\/v2\/posts"}],"about":[{"href":"https:\/\/tyyala.utu.fi\/vare\/wp-json\/wp\/v2\/types\/post"}],"author":[{"embeddable":true,"href":"https:\/\/tyyala.utu.fi\/vare\/wp-json\/wp\/v2\/users\/2934"}],"replies":[{"embeddable":true,"href":"https:\/\/tyyala.utu.fi\/vare\/wp-json\/wp\/v2\/comments?post=4293"}],"version-history":[{"count":5,"href":"https:\/\/tyyala.utu.fi\/vare\/wp-json\/wp\/v2\/posts\/4293\/revisions"}],"predecessor-version":[{"id":4298,"href":"https:\/\/tyyala.utu.fi\/vare\/wp-json\/wp\/v2\/posts\/4293\/revisions\/4298"}],"wp:attachment":[{"href":"https:\/\/tyyala.utu.fi\/vare\/wp-json\/wp\/v2\/media?parent=4293"}],"wp:term":[{"taxonomy":"category","embeddable":true,"href":"https:\/\/tyyala.utu.fi\/vare\/wp-json\/wp\/v2\/categories?post=4293"},{"taxonomy":"post_tag","embeddable":true,"href":"https:\/\/tyyala.utu.fi\/vare\/wp-json\/wp\/v2\/tags?post=4293"}],"curies":[{"name":"wp","href":"https:\/\/api.w.org\/{rel}","templated":true}]}}