{"id":4765,"date":"2024-11-20T14:14:23","date_gmt":"2024-11-20T12:14:23","guid":{"rendered":"https:\/\/tyyala.utu.fi\/turun-yk-yhdistys\/?p=4765"},"modified":"2024-11-20T14:14:25","modified_gmt":"2024-11-20T12:14:25","slug":"lukutaito-on-jokaisen-lapsen-perusoikeus","status":"publish","type":"post","link":"https:\/\/tyyala.utu.fi\/turun-yk-yhdistys\/2024\/11\/20\/lukutaito-on-jokaisen-lapsen-perusoikeus\/","title":{"rendered":"Lukutaito on jokaisen lapsen perusoikeus"},"content":{"rendered":"\n<p>Kansainv\u00e4list\u00e4 lapsen oikeuksien p\u00e4iv\u00e4\u00e4 vietet\u00e4\u00e4n vuosittain 20. marraskuuta. Silloin juhlistetaan YK:n lapsen oikeuksien sopimusta, joka hyv\u00e4ksyttiin 20.11.1989. P\u00e4iv\u00e4n tarkoituksena on her\u00e4tt\u00e4\u00e4 keskustelua lapsen oikeuksien toteutumisesta ja niiden edist\u00e4misest\u00e4. Lapsen oikeudet ovat lasten ihmisoikeuksia. Jokaisella lapsella on oikeus muun muassa tasa-arvoon, turvallisuuteen, terveyteen ja koulutukseen. Lapsen oikeudet koskevat jokaista alle 18-vuotiasta lasta.<\/p>\n\n\n\n<p><\/p>\n\n\n\n<p>Jo 196 maata on ratifioinut lapsen oikeuksien sopimuksen eli sitoutunut muuttamaan lakinsa ja toimintansa sopimusta vastaaviksi. Lapsen oikeuksien sopimus onkin maailman laajimmin ratifioitu YK:n ihmisoikeussopimus. Suomessa se tuli voimaan vuonna 1991.<\/p>\n\n\n\n<p><\/p>\n\n\n\n<p>Suurimpia haasteita lapsen oikeuksien toteutumiselle Suomessa asettaa yhteiskunnan eriarvoistuminen. Kun peruspalveluista s\u00e4\u00e4stet\u00e4\u00e4n, ovat k\u00e4rsij\u00f6in\u00e4 yleens\u00e4 jo valmiiksi heikoimmassa asemassa olevat. Lapsiperhek\u00f6yhyys, mielenterveysongelmat ja yhteiskunnan resurssien heikkeneminen vaikuttavat suoraan lasten hyvinvointiin.<\/p>\n\n\n\n<p><\/p>\n\n\n\n<p>J\u00e4rjest\u00f6ill\u00e4 on merkitt\u00e4v\u00e4 rooli hyvinvointiyhteiskunnan palveluiden tuottajina ja hyvinvoinnin takaajina. Yhdistystoimintaan voi osallistua jokainen, joka haluaa omalta osaltaan vaikuttaa yhteiskuntamme tilaan. Turun YK-yhdistyksen yhteisty\u00f6kumppani Sateenkaari Koto ry (www.sateenkaarikoto.fi) tekee kotouttavaa ty\u00f6t\u00e4 eri kieli- ja kulttuuritaustaisten perheiden parissa. Yhdistyksen tavoitteena on kohentaa perheiden ja lasten osallisuutta ja hyvinvointia.<\/p>\n\n\n\n<p><\/p>\n\n\n\n<p>Yksi Sateenkaari Kodon ty\u00f6muoto on Halisten Opetuskoti Mustikassa j\u00e4rjestett\u00e4v\u00e4 l\u00e4ksykerho. Kaksi kertaa viikossa kokoontuvaan kerhoon ovat kaikki viereisen alakoulun oppilaat tervetulleita. Kerhossa lapsi saa koulup\u00e4iv\u00e4n j\u00e4lkeen pienen v\u00e4lipalan sek\u00e4 aikuisen tukea ja ohjausta l\u00e4ksyjen tekoon. Erityisen t\u00e4rke\u00e4\u00e4 tuki on heille, joiden vanhemmilla ei eri kielitaustan vuoksi ole riitt\u00e4v\u00e4\u00e4 suomen kielen taitoa kyet\u00e4kseen tukemaan lastaan opiskelussa. L\u00e4ksykerhoa ohjaa Opetuskodin vastaava ohjaaja, mutta yhdistyksen vapaaehtoiset ovat korvaamaton osa kerhon toimintaa. Ilman vapaaehtoisia l\u00e4ksykerhon ohjaajia toimintaa ei kyett\u00e4isi toteuttamaan, sill\u00e4 kerho on hyvin suosittu ja osallistujia on joka kerta v\u00e4hint\u00e4\u00e4n parikymment\u00e4. Turvallisten aikuisten kanssa kouluteht\u00e4viin ja lukemiseen on mahdollista keskitty\u00e4.<\/p>\n\n\n\n<p><\/p>\n\n\n\n<p>L\u00e4ksykerhossa pyrit\u00e4\u00e4n korostamaan lukutaidon ja lukemisen merkityst\u00e4 ja ohjaamaan lapsia aktiivisesti tekstien pariin my\u00f6s vapaa-ajalla. Unicefin mukaan \u201cLukutaito on oppimisen ja kehittymisen edellytys. Se on tutkitusti my\u00f6s avain parempaan terveyteen ja hyvinvointiin, sill\u00e4 lukeva ihminen osaa paremmin huolehtia niin omasta kuin lastensa terveydest\u00e4 ja turvallisuudesta. Lukutaito edist\u00e4\u00e4 my\u00f6s tasa-arvoa ja demokratiaa, sill\u00e4 lukeva ihminen pystyy hankkimaan tietoa ja osallistumaan yhteiskuntaan. Lis\u00e4ksi lukutaito vahvistaa kulttuuristen oikeuksien toteutumista.\u201d https:\/\/www.unicef.fi\/tyomme\/ajankohtaista\/uutiset-ja-nakokulmat\/2023\/lukutaidon-merkitys-on-korvaamattoman-suuri\/<\/p>\n\n\n\n<p><\/p>\n\n\n\n<p>N\u00e4in lapsen oikeuksien p\u00e4iv\u00e4n kunniaksi haastan Sinut pohtimaan, miten itse voisit edist\u00e4\u00e4 lapsen oikeuksien toteutumista Suomessa? L\u00f6ytyisik\u00f6 maamme lukuisista yhdistyksist\u00e4 ja j\u00e4rjest\u00f6ist\u00e4 sinulle mielek\u00e4s toimintamuoto, jossa voisit vaikuttaa yhteiskuntamme hyvinvointiin? Meille Sateenkaari Kotoon ovat uudet vapaaehtoiset l\u00e4mpim\u00e4sti tervetulleita. Jos esimerkiksi l\u00e4ksykerhotoiminta kiinnostaa, voit olla yhteydess\u00e4 yhdistyksen vapaaehtoistoiminnan koordinaattoriin s\u00e4hk\u00f6postitse: vapaaehtoinen@sateenkaarikoto.fi<\/p>\n\n\n\n<p><\/p>\n\n\n\n<p><em>Mette Karlsson<br>Sateenkaari Koto ry:n vapaaehtoistoiminnan koordinaattori<\/em><\/p>\n\n\n\n<p class=\"has-text-align-center\"><img decoding=\"async\" width=\"300\" height=\"524\" data-src=\"https:\/\/lh7-rt.googleusercontent.com\/docsz\/AD_4nXeeZiQeibCvJul1USNCplU7C6WtSkPSCdTz2iV1e5qRW6-TqJmiuadKnlb7rnFHi24cb2-4A1_0zZlvCxHgp8BJxPAWnq7ycVWWa-_YiIy-f63MGcG8dvUUX2O6i7OAxhWuu3mlLQ?key=tc4x0tlNlEfNO-gFmEnyCw\" src=\"data:image\/svg+xml;base64,PHN2ZyB3aWR0aD0iMSIgaGVpZ2h0PSIxIiB4bWxucz0iaHR0cDovL3d3dy53My5vcmcvMjAwMC9zdmciPjwvc3ZnPg==\" class=\"lazyload\" style=\"--smush-placeholder-width: 300px; --smush-placeholder-aspect-ratio: 300\/524;\"> <img decoding=\"async\" data-src=\"https:\/\/lh7-rt.googleusercontent.com\/docsz\/AD_4nXc7aXiFOfwo7yBVRhNG0tRH8she93KxRqt4RyhGGAOhiw3NZpqxXG2iZsBHoXFqGyKe0ak79FAuVoMitJSRZklhunW_AVwolN2GPVysIAc8H4icupu7qfvlwm9iumnYW8tOgogzcQ?key=tc4x0tlNlEfNO-gFmEnyCw\" width=\"287\" height=\"431\" src=\"data:image\/svg+xml;base64,PHN2ZyB3aWR0aD0iMSIgaGVpZ2h0PSIxIiB4bWxucz0iaHR0cDovL3d3dy53My5vcmcvMjAwMC9zdmciPjwvc3ZnPg==\" class=\"lazyload\" style=\"--smush-placeholder-width: 287px; --smush-placeholder-aspect-ratio: 287\/431;\"><\/p>\n\n\n\n<p class=\"has-text-align-center\"><\/p>\n\n\n\n<p class=\"has-text-align-left\"><\/p>\n\n\n\n<p><\/p>\n","protected":false},"excerpt":{"rendered":"<p>Kansainv\u00e4list\u00e4 lapsen oikeuksien p\u00e4iv\u00e4\u00e4 vietet\u00e4\u00e4n vuosittain 20. marraskuuta. Silloin juhlistetaan YK:n lapsen oikeuksien sopimusta, joka hyv\u00e4ksyttiin 20.11.1989. P\u00e4iv\u00e4n tarkoituksena on her\u00e4tt\u00e4\u00e4 keskustelua lapsen oikeuksien toteutumisesta ja niiden edist\u00e4misest\u00e4. Lapsen oikeudet ovat lasten ihmisoikeuksia. Jokaisella lapsella on oikeus muun muassa tasa-arvoon, turvallisuuteen, terveyteen ja koulutukseen. Lapsen oikeudet koskevat jokaista alle 18-vuotiasta lasta. Jo 196 maata on [&hellip;]<\/p>\n","protected":false},"author":3470,"featured_media":4768,"comment_status":"open","ping_status":"closed","sticky":false,"template":"","format":"standard","meta":{"_kad_blocks_custom_css":"","_kad_blocks_head_custom_js":"","_kad_blocks_body_custom_js":"","_kad_blocks_footer_custom_js":"","footnotes":""},"categories":[64,28],"tags":[356,348,352,354,350],"class_list":{"0":"post-4765","1":"post","2":"type-post","3":"status-publish","4":"format-standard","5":"has-post-thumbnail","7":"category-ykn-teemapaivat","8":"category-yleinen-fi","9":"tag-ihmisoikeudet","10":"tag-lastenoikeudet","11":"tag-sateenkaarikoto","12":"tag-unicef","13":"tag-yk","14":"czr-hentry"},"taxonomy_info":{"category":[{"value":64,"label":"YK:n teemap\u00e4iv\u00e4t"},{"value":28,"label":"Yleinen"}],"post_tag":[{"value":356,"label":"ihmisoikeudet"},{"value":348,"label":"lastenoikeudet"},{"value":352,"label":"Sateenkaarikoto"},{"value":354,"label":"UNICEF"},{"value":350,"label":"YK"}]},"featured_image_src_large":["https:\/\/tyyala.utu.fi\/turun-yk-yhdistys\/wp-content\/uploads\/sites\/23\/2024\/11\/Laksykerhon-mainoskuva-1-572x1024.jpg",572,1024,true],"author_info":{"display_name":"tyky","author_link":"https:\/\/tyyala.utu.fi\/turun-yk-yhdistys\/author\/tyky\/"},"comment_info":0,"category_info":[{"term_id":64,"name":"YK:n teemap\u00e4iv\u00e4t","slug":"ykn-teemapaivat","term_group":0,"term_taxonomy_id":64,"taxonomy":"category","description":"","parent":0,"count":13,"filter":"raw","cat_ID":64,"category_count":13,"category_description":"","cat_name":"YK:n teemap\u00e4iv\u00e4t","category_nicename":"ykn-teemapaivat","category_parent":0},{"term_id":28,"name":"Yleinen","slug":"yleinen-fi","term_group":0,"term_taxonomy_id":28,"taxonomy":"category","description":"","parent":0,"count":23,"filter":"raw","cat_ID":28,"category_count":23,"category_description":"","cat_name":"Yleinen","category_nicename":"yleinen-fi","category_parent":0}],"tag_info":[{"term_id":356,"name":"ihmisoikeudet","slug":"ihmisoikeudet","term_group":0,"term_taxonomy_id":359,"taxonomy":"post_tag","description":"","parent":0,"count":1,"filter":"raw"},{"term_id":348,"name":"lastenoikeudet","slug":"lastenoikeudet","term_group":0,"term_taxonomy_id":351,"taxonomy":"post_tag","description":"","parent":0,"count":1,"filter":"raw"},{"term_id":352,"name":"Sateenkaarikoto","slug":"sateenkaarikoto","term_group":0,"term_taxonomy_id":355,"taxonomy":"post_tag","description":"","parent":0,"count":1,"filter":"raw"},{"term_id":354,"name":"UNICEF","slug":"unicef","term_group":0,"term_taxonomy_id":357,"taxonomy":"post_tag","description":"","parent":0,"count":1,"filter":"raw"},{"term_id":350,"name":"YK","slug":"yk","term_group":0,"term_taxonomy_id":353,"taxonomy":"post_tag","description":"","parent":0,"count":1,"filter":"raw"}],"_links":{"self":[{"href":"https:\/\/tyyala.utu.fi\/turun-yk-yhdistys\/wp-json\/wp\/v2\/posts\/4765","targetHints":{"allow":["GET"]}}],"collection":[{"href":"https:\/\/tyyala.utu.fi\/turun-yk-yhdistys\/wp-json\/wp\/v2\/posts"}],"about":[{"href":"https:\/\/tyyala.utu.fi\/turun-yk-yhdistys\/wp-json\/wp\/v2\/types\/post"}],"author":[{"embeddable":true,"href":"https:\/\/tyyala.utu.fi\/turun-yk-yhdistys\/wp-json\/wp\/v2\/users\/3470"}],"replies":[{"embeddable":true,"href":"https:\/\/tyyala.utu.fi\/turun-yk-yhdistys\/wp-json\/wp\/v2\/comments?post=4765"}],"version-history":[{"count":7,"href":"https:\/\/tyyala.utu.fi\/turun-yk-yhdistys\/wp-json\/wp\/v2\/posts\/4765\/revisions"}],"predecessor-version":[{"id":4773,"href":"https:\/\/tyyala.utu.fi\/turun-yk-yhdistys\/wp-json\/wp\/v2\/posts\/4765\/revisions\/4773"}],"wp:featuredmedia":[{"embeddable":true,"href":"https:\/\/tyyala.utu.fi\/turun-yk-yhdistys\/wp-json\/wp\/v2\/media\/4768"}],"wp:attachment":[{"href":"https:\/\/tyyala.utu.fi\/turun-yk-yhdistys\/wp-json\/wp\/v2\/media?parent=4765"}],"wp:term":[{"taxonomy":"category","embeddable":true,"href":"https:\/\/tyyala.utu.fi\/turun-yk-yhdistys\/wp-json\/wp\/v2\/categories?post=4765"},{"taxonomy":"post_tag","embeddable":true,"href":"https:\/\/tyyala.utu.fi\/turun-yk-yhdistys\/wp-json\/wp\/v2\/tags?post=4765"}],"curies":[{"name":"wp","href":"https:\/\/api.w.org\/{rel}","templated":true}]}}