{"id":4514,"date":"2022-12-05T13:07:26","date_gmt":"2022-12-05T11:07:26","guid":{"rendered":"https:\/\/tyyala.utu.fi\/turun-yk-yhdistys\/?p=4514"},"modified":"2022-12-05T13:07:28","modified_gmt":"2022-12-05T11:07:28","slug":"kansainvalinen-vapaaehtoistoiminnan-paiva-5-12-2022","status":"publish","type":"post","link":"https:\/\/tyyala.utu.fi\/turun-yk-yhdistys\/2022\/12\/05\/kansainvalinen-vapaaehtoistoiminnan-paiva-5-12-2022\/","title":{"rendered":"Kansainv\u00e4linen vapaaehtoistoiminnan p\u00e4iv\u00e4 5.12.2022"},"content":{"rendered":"\n<p>T\u00e4n\u00e4\u00e4n 5. joulukuuta vietet\u00e4\u00e4n kansainv\u00e4list\u00e4 vapaaehtoistoiminnan p\u00e4iv\u00e4\u00e4 \u2013 p\u00e4iv\u00e4\u00e4 jolloin vapaaehtoiset ja vapaaehtoisty\u00f6 nostetaan ansaitusti n\u00e4kyviin. Vapaaehtoisty\u00f6 on YK:n arvojen syd\u00e4mess\u00e4: vuonna 1970 YK perusti vapaaehtoisohjelman (UNV) ja vuodesta 1985 saakka on vietetty kansainv\u00e4list\u00e4 vapaaehtoistoiminnan p\u00e4iv\u00e4\u00e4 (<em>International Volunteer Day<\/em>). Teemap\u00e4iv\u00e4n tarkoituksena on juhlistaa erityisesti niit\u00e4 keinoja, joiden avulla vapaaehtoiset voivat vaikuttaa kest\u00e4v\u00e4n kehityksen tavoitteiden edist\u00e4miseen. Vuoden 2022 teemana toimii solidaarisuus, eli ihmiskunnan kollektiivinen voima, joka edist\u00e4\u00e4 positiivista muutosta vapaaehtoisty\u00f6n keinoin.<\/p>\n\n\n\n<p>Teemap\u00e4iv\u00e4n kunniaksi Turun YK-Yhdistyksen vuoden 2022 hallitus pohti omaa suhdettaan vapaaehtoisty\u00f6h\u00f6n. Vapaaehtoisty\u00f6 merkitsee erilaisia asioita \u2013 se on harrastus, mahdollisuus oppia ja selviytymiskeino. Ennen kaikkea vapaaehtoistoiminta on kuitenkin keino tehd\u00e4 hyv\u00e4\u00e4. Hallituslaiset ovat olleet monenlaisessa vapaaehtoistoiminnassa niin Turun YK-Yhdistyksen toiminnassa kuin muidenkin tahojen kautta. Hallituslaisia kuitenkin yhdist\u00e4\u00e4 halu lis\u00e4t\u00e4 vapaaehtoistoimintaa omaan arkeensa. Suurimpana vapaaehtoistoimintaan liittyv\u00e4n\u00e4 viestin\u00e4 on hallituslaisten yhteinen iso kiitos kaikille, jotka antavat panoksensa paremman maailman puolesta.<\/p>\n\n\n\n<p><\/p>\n\n\n\n<p><strong>Mit\u00e4 vapaaehtoisty\u00f6 merkitsee sinulle?<\/strong><\/p>\n\n\n\n<ul class=\"wp-block-list\"><li>\u201cKiinnostuin vapaaehtoisty\u00f6st\u00e4 kun vietin v\u00e4livuotta lukion ja yliopisto-opintojen v\u00e4liss\u00e4, mutta en oikein tiennyt mist\u00e4 l\u00e4hte\u00e4 liikkeelle tai riitt\u00e4\u00e4k\u00f6 uskallukseni l\u00e4hte\u00e4 toimintaan. Ajatus j\u00e4i taka-alalle aloittaessani opiskelut, mutta TYKyn hallituksen my\u00f6t\u00e4 olen ymm\u00e4rt\u00e4nyt taas enemm\u00e4n vapaaehtoisty\u00f6n t\u00e4rkeydest\u00e4, sek\u00e4 pohtinut erilaisia vaihtoehtoja sen toteuttamiselle. Jatkossa haluaisin olla mukana esimerkiksi pakolaisiin liittyv\u00e4ss\u00e4 vapaaehtoisty\u00f6ss\u00e4.\u201d \u2013 Alina<\/li><li>\u201cVapaaehtoisty\u00f6 on ollut itselle tapa p\u00e4\u00e4st\u00e4 tutustumaan muihin samanhenkisiin ihmisiin sek\u00e4 saada ty\u00f6kokemusta. My\u00f6s on ihanaa tehd\u00e4 jotain jolla kokee olevan yhteiskunnallista merkityst\u00e4 tai toiminnallaan voi auttaa jollain tavalla.\u201d \u2013 Emmi<\/li><li>\u201cVapaaehtoisty\u00f6ss\u00e4ni olen halunnut puuttua erityisesti nuorten syrj\u00e4ytymiseen ja yksin\u00e4isyyteen sek\u00e4 halunnut edist\u00e4\u00e4 tasa-arvokysymyksi\u00e4. Koen vapaaehtoistoiminnan olleen itselleni er\u00e4\u00e4nlainen henkireik\u00e4, tapa purkaa omaa ahdistusta mm. muiden auttamisella, koska oma el\u00e4m\u00e4 on v\u00e4lill\u00e4 aikamoista kaaosta. Olen toiminut my\u00f6s kokemusasiantuntijana, joten tied\u00e4n, mit\u00e4 yksin\u00e4isyys voi olla. Nuorempana yliopisto-opiskelijana l\u00e4hdin j\u00e4rjest\u00f6toimintaan mukaan l\u00e4hinn\u00e4 CV-merkinn\u00e4n takia, ja siksi, ett\u00e4 &#8221;niin vaan kuuluu tehd\u00e4&#8221;. T\u00e4m\u00e4 johtui varmaan siit\u00e4, ett\u00e4 podin pahimmanlaatuista identiteettikriisi\u00e4 ja sosiaalista ahdistusta.&nbsp; Nyky\u00e4\u00e4n en v\u00e4lit\u00e4 niin paljon siit\u00e4, mit\u00e4 ihmiset minusta ajattelevat. Vapaaehtoisty\u00f6 on minulle vahvasti arvomaailmaan liitoksissa, ja kun toimii omien arvojensa mukaan, my\u00f6s j\u00e4rjest\u00f6ty\u00f6 palkatta voi olla mielek\u00e4st\u00e4. Vapaaehtoisty\u00f6 on loppujen lopuksi yhteisen hyv\u00e4n rakentamista.\u201d \u2013 Nora<\/li><li>\u201cSe on mulle ajanvietett\u00e4, mukavaa touhuilua samanhenkisten ihmisten kanssa. M\u00e4 nautin siit\u00e4 kovasti itse, mutta siit\u00e4 saa lis\u00e4motivaatiota ja -onnellisuutta, ett\u00e4 siit\u00e4 on todenn\u00e4k\u00f6isesti jollekin hy\u00f6ty\u00e4 tai iloa\u201d \u2013 Anni<\/li><li>\u201cVapaaehtoisty\u00f6 on yhteiskunnallisesti t\u00e4rke\u00e4\u00e4 ja valtavan arvokasta. Vapaaehtoisty\u00f6ss\u00e4 tiivistyy hyvin ihmisyyden hienoimmat piirteet, kun omaa aikaa ja ty\u00f6t\u00e4 halutaan antaa panoksena muiden tai yhteiseen hyv\u00e4\u00e4n. Monet yhteiskunnan tukevat toimet py\u00f6riv\u00e4t l\u00e4hes t\u00e4ysin vapaaehtoisty\u00f6n avulla, ja onkin t\u00e4rke\u00e4\u00e4 tukea ja varmistaa vapaaehtoisty\u00f6n monipuolisuutta ja kantavuutta my\u00f6s tulevaisuudessa.\u201d \u2013 Cia<\/li><li>\u201cVapaaehtoistoiminta on t\u00e4rkeet\u00e4 ja on hyv\u00e4 et on ihmisi\u00e4, jotka on siin\u00e4 mukana \u201c \u2013 Milla<\/li><\/ul>\n\n\n\n<p><strong>Millaista vapaaehtoisty\u00f6t\u00e4 itse olet tehnyt \/ teet tai haluaisit tehd\u00e4?<\/strong><\/p>\n\n\n\n<ul class=\"wp-block-list\"><li>\u201cOlen ollut mukana toteuttamassa erilaisia ker\u00e4yksi\u00e4 esimerkiksi Mannerheimin lastensuojeluliitolle, osallistunut harrastusten puitteissa talkooteht\u00e4viin, sek\u00e4 osallistunut vapaaehtoisena Turun Eurooppa-foorumin j\u00e4rjest\u00e4miseen. Turun YK-yhdistyksess\u00e4 olen ollut t\u00e4n\u00e4 vuonna j\u00e4rjest\u00e4m\u00e4ss\u00e4 t\u00e4m\u00e4n vuoden joulukorttitempausta, jossa opiskelijat saavat kirjoittaa vanhainkodeissa asuville joulukortteja, ja me toimitamme ne perille. N\u00e4iden lis\u00e4ksi luovutan verta s\u00e4\u00e4nn\u00f6llisesti!\u201d &#8211; Alina<\/li><li>\u201cOlen itse tehnyt lyhyempi\u00e4 vapaaehtoist\u00f6it\u00e4 esimerkiksi yksitt\u00e4isten tapahtumien ja teht\u00e4vien muodossa. T\u00e4ll\u00e4 hetkell\u00e4 en ole mukana miss\u00e4\u00e4n vapaaehtoisty\u00f6ss\u00e4, mutta haluaisin seuraavaksi l\u00f6yt\u00e4\u00e4 jonkin pitk\u00e4kestoisen ty\u00f6n, jossa voisin olla avuksi.\u201d \u2013 Cia<\/li><li>\u201cOlen ollut kolme vuotta mukana Turun YK-yhdistyksen hallitustoiminnassa opintojen aikana ja sitten olen tehnyt vapaaehtoisty\u00f6t\u00e4 entiselle vaihto-oppilasj\u00e4rjest\u00f6lleni kuuden vuoden ajan ep\u00e4s\u00e4\u00e4nn\u00f6llisen s\u00e4\u00e4nn\u00f6llisesti.\u201d &#8211; Emmi<\/li><li>\u201cOon joskus miettinyt et esimerkiksi ulkomaille olis mielenkiintoista l\u00e4htee hetkeks tekee vapaaehtoisty\u00f6t\u00e4!\u201d &#8211; Milla<\/li><li>\u201cMulla on kokemusta vapaaehtoisty\u00f6n saralla tapahtumaj\u00e4rjest\u00e4misest\u00e4. Oon ollut urheilutapahtumassa ja Eurooppafoorumissa&nbsp;vapaaehtoisena. Se on kyll\u00e4 ollut mukavaa.\u201d &#8211; Anni<\/li><\/ul>\n\n\n\n<p><strong>Mit\u00e4 haluaisit sanoa vapaaehtoisty\u00f6t\u00e4 tekeville?<\/strong><\/p>\n\n\n\n<ul class=\"wp-block-list\"><li>\u201cHaluaisin sanoa kaikille vapaaehtoisty\u00f6t\u00e4 tekeville, ett\u00e4 teette ihan hurjan t\u00e4rke\u00e4\u00e4 ty\u00f6t\u00e4! Meid\u00e4n pit\u00e4isi vapaaehtoisty\u00f6ntekij\u00f6in\u00e4 yhdess\u00e4 l\u00f6yt\u00e4\u00e4 keinoja, joilla saataisiin lis\u00e4\u00e4 porukkaa houkuteltua t\u00e4h\u00e4n \u2013 n\u00e4en, ett\u00e4 se on yhteiskunnan kannalta kuitenkin v\u00e4ltt\u00e4m\u00e4t\u00f6nt\u00e4 toimintaa.\u201d \u2013 Anni<\/li><li>\u201cMuistakaa, et teette t\u00e4rke\u00e4\u00e4 ty\u00f6t\u00e4!\u201d \u2013 Emmi<\/li><li>\u201cVapaaehtoiset tekev\u00e4t maailmasta paremman paikan, teette arvokasta ja t\u00e4rke\u00e4\u00e4 ty\u00f6t\u00e4!\u201d \u2013 Alina<\/li><li>\u201cKiitos!\u201d \u2013 Milla<\/li><li>\u201cSuuret kiitokset panoksestasi muiden hyv\u00e4ksi. Yhdess\u00e4 olemme kaikkein vahvimpia!\u201d \u2013 Cia<\/li><\/ul>\n\n\n\n<p>Rauhaa ja kehityst\u00e4 edist\u00e4v\u00e4t p\u00e4ivitt\u00e4in tuhannet ihmiset, jotka antavat aikaansa paremman tulevaisuuden puolesta. Tuodaan siis n\u00e4kyv\u00e4ksi vapaaehtoisten ty\u00f6n merkityst\u00e4 ja kiitet\u00e4\u00e4n vapaaehtoisia heid\u00e4n panoksestaan sek\u00e4 tutustutaan mahdollisuuksiin tehd\u00e4 my\u00f6s itse hyv\u00e4\u00e4! #VapaaehtoisilleKiitos<\/p>\n\n\n\n<p><strong>Kiinnostavia linkkej\u00e4:<\/strong><\/p>\n\n\n\n<ul class=\"wp-block-list\"><li><a href=\"https:\/\/kansalaisareena.fi\">https:\/\/kansalaisareena.fi<\/a> Kansalaisareena on yli 130 j\u00e4rjest\u00f6n kattoj\u00e4rjest\u00f6 ja vapaaehtoistoiminnan yhteiskunnallinen vaikuttaja.<\/li><li><a href=\"https:\/\/www.unv.org\">https:\/\/www.unv.org<\/a> YK:n vapaaehtoisohjelma UNV:n kotisivut<\/li><li><a href=\"https:\/\/www.un.org\/en\/observances\/volunteer-day\">https:\/\/www.un.org\/en\/observances\/volunteer-day<\/a> YK:n kansainv\u00e4lisen vapaaehtoistoiminnan p\u00e4iv\u00e4n sivut (englanniksi)<\/li><li><a href=\"https:\/\/kansalaisareena.fi\/aineistoa\/usein-kysyttya-vapaaehtoistoiminnasta\/\">https:\/\/kansalaisareena.fi\/aineistoa\/usein-kysyttya-vapaaehtoistoiminnasta\/<\/a> Kansalaisareenan usein kysytyt kysymykset vapaaehtoistoiminnasta<\/li><li><a href=\"https:\/\/kansalaisareena.fi\/wp-content\/uploads\/2021\/05\/Vapaaehtoistyo_tutkimusraportti_2021.pdf\">https:\/\/kansalaisareena.fi\/wp-content\/uploads\/2021\/05\/Vapaaehtoistyo_tutkimusraportti_2021.pdf<\/a> Vapaaehtoisty\u00f6 Suomessa 2021 -tutkimuksen tutkimusraportti<\/li><\/ul>\n\n\n\n<p>Inka Laaksonen<\/p>\n\n\n\n<p>Turun YK-Yhdistyksen SONDIP-vastaava<\/p>\n","protected":false},"excerpt":{"rendered":"<p>T\u00e4n\u00e4\u00e4n 5. joulukuuta vietet\u00e4\u00e4n kansainv\u00e4list\u00e4 vapaaehtoistoiminnan p\u00e4iv\u00e4\u00e4 \u2013 p\u00e4iv\u00e4\u00e4 jolloin vapaaehtoiset ja vapaaehtoisty\u00f6 nostetaan ansaitusti n\u00e4kyviin. Vapaaehtoisty\u00f6 on YK:n arvojen syd\u00e4mess\u00e4: vuonna 1970 YK perusti vapaaehtoisohjelman (UNV) ja vuodesta 1985 saakka on vietetty kansainv\u00e4list\u00e4 vapaaehtoistoiminnan p\u00e4iv\u00e4\u00e4 (International Volunteer Day). Teemap\u00e4iv\u00e4n tarkoituksena on juhlistaa erityisesti niit\u00e4 keinoja, joiden avulla vapaaehtoiset voivat vaikuttaa kest\u00e4v\u00e4n kehityksen tavoitteiden edist\u00e4miseen. [&hellip;]<\/p>\n","protected":false},"author":3254,"featured_media":4515,"comment_status":"open","ping_status":"closed","sticky":false,"template":"","format":"standard","meta":{"_kad_blocks_custom_css":"","_kad_blocks_head_custom_js":"","_kad_blocks_body_custom_js":"","_kad_blocks_footer_custom_js":"","footnotes":""},"categories":[242,64],"tags":[],"class_list":{"0":"post-4514","1":"post","2":"type-post","3":"status-publish","4":"format-standard","5":"has-post-thumbnail","7":"category-hyvantekevaisyys","8":"category-ykn-teemapaivat","9":"czr-hentry"},"taxonomy_info":{"category":[{"value":242,"label":"hyv\u00e4ntekev\u00e4isyys"},{"value":64,"label":"YK:n teemap\u00e4iv\u00e4t"}]},"featured_image_src_large":["https:\/\/tyyala.utu.fi\/turun-yk-yhdistys\/wp-content\/uploads\/sites\/23\/2022\/12\/Vapaaehtoiset-1024x1024.png",1024,1024,true],"author_info":{"display_name":"alinahirvinen","author_link":"https:\/\/tyyala.utu.fi\/turun-yk-yhdistys\/author\/alinahirvinen\/"},"comment_info":4,"category_info":[{"term_id":242,"name":"hyv\u00e4ntekev\u00e4isyys","slug":"hyvantekevaisyys","term_group":0,"term_taxonomy_id":245,"taxonomy":"category","description":"","parent":0,"count":3,"filter":"raw","cat_ID":242,"category_count":3,"category_description":"","cat_name":"hyv\u00e4ntekev\u00e4isyys","category_nicename":"hyvantekevaisyys","category_parent":0},{"term_id":64,"name":"YK:n teemap\u00e4iv\u00e4t","slug":"ykn-teemapaivat","term_group":0,"term_taxonomy_id":64,"taxonomy":"category","description":"","parent":0,"count":13,"filter":"raw","cat_ID":64,"category_count":13,"category_description":"","cat_name":"YK:n teemap\u00e4iv\u00e4t","category_nicename":"ykn-teemapaivat","category_parent":0}],"tag_info":false,"_links":{"self":[{"href":"https:\/\/tyyala.utu.fi\/turun-yk-yhdistys\/wp-json\/wp\/v2\/posts\/4514","targetHints":{"allow":["GET"]}}],"collection":[{"href":"https:\/\/tyyala.utu.fi\/turun-yk-yhdistys\/wp-json\/wp\/v2\/posts"}],"about":[{"href":"https:\/\/tyyala.utu.fi\/turun-yk-yhdistys\/wp-json\/wp\/v2\/types\/post"}],"author":[{"embeddable":true,"href":"https:\/\/tyyala.utu.fi\/turun-yk-yhdistys\/wp-json\/wp\/v2\/users\/3254"}],"replies":[{"embeddable":true,"href":"https:\/\/tyyala.utu.fi\/turun-yk-yhdistys\/wp-json\/wp\/v2\/comments?post=4514"}],"version-history":[{"count":1,"href":"https:\/\/tyyala.utu.fi\/turun-yk-yhdistys\/wp-json\/wp\/v2\/posts\/4514\/revisions"}],"predecessor-version":[{"id":4516,"href":"https:\/\/tyyala.utu.fi\/turun-yk-yhdistys\/wp-json\/wp\/v2\/posts\/4514\/revisions\/4516"}],"wp:featuredmedia":[{"embeddable":true,"href":"https:\/\/tyyala.utu.fi\/turun-yk-yhdistys\/wp-json\/wp\/v2\/media\/4515"}],"wp:attachment":[{"href":"https:\/\/tyyala.utu.fi\/turun-yk-yhdistys\/wp-json\/wp\/v2\/media?parent=4514"}],"wp:term":[{"taxonomy":"category","embeddable":true,"href":"https:\/\/tyyala.utu.fi\/turun-yk-yhdistys\/wp-json\/wp\/v2\/categories?post=4514"},{"taxonomy":"post_tag","embeddable":true,"href":"https:\/\/tyyala.utu.fi\/turun-yk-yhdistys\/wp-json\/wp\/v2\/tags?post=4514"}],"curies":[{"name":"wp","href":"https:\/\/api.w.org\/{rel}","templated":true}]}}