{"id":3942,"date":"2020-06-07T14:45:00","date_gmt":"2020-06-07T14:45:00","guid":{"rendered":"https:\/\/tyyala.utu.fi\/turun-yk-yhdistys\/?p=3942"},"modified":"2020-06-07T14:47:18","modified_gmt":"2020-06-07T14:47:18","slug":"ilmastokirjeita-eduskuntaan","status":"publish","type":"post","link":"https:\/\/tyyala.utu.fi\/turun-yk-yhdistys\/2020\/06\/07\/ilmastokirjeita-eduskuntaan\/","title":{"rendered":"Ilmastokirjeit\u00e4 eduskuntaan"},"content":{"rendered":"\n<p>Toukokuun alussa me Turun YK-yhdistyksess\u00e4 osallistuimme Luonto-Liiton ilmastoryhm\u00e4n aluille panemaan kampanjaan \u201d<em>200 ilmastokirjett\u00e4 eduskuntaan\u201d<\/em>. Kampanjan tarkoitus oli l\u00e4hett\u00e4\u00e4 kansanedustajille fyysisi\u00e4 kirjeit\u00e4, jotta n\u00e4m\u00e4 eiv\u00e4t unohtaisi COVID-19 pandemian keskell\u00e4 ilmastotoimia. J\u00e4lleenrakentaminen koronan j\u00e4lkeen tulisi tehd\u00e4 kest\u00e4v\u00e4sti ilmastonmuutos huomioon ottaen.<\/p>\n\n\n\n<p>Kampanja l\u00e4hti liikkeelle, kun Ylen teett\u00e4m\u00e4ss\u00e4 kyselyss\u00e4 40 prosenttia kansanedustajista oli sit\u00e4 mielt\u00e4, ett\u00e4 hallituksen tulisi tinki\u00e4 ilmastotavoitteista koronoviruksen aiheuttaman epidemian ja talouskriisin vuoksi. Toukokuun ajan eri toimijat l\u00e4hettiv\u00e4t kirjeit\u00e4 kansanedustajille muistuttaen n\u00e4it\u00e4 siit\u00e4, ettei yhden kriisin takia voida unohtaa toista meit\u00e4 uhkaavaa kriisi\u00e4.<\/p>\n\n\n\n<p>Me p\u00e4\u00e4timme l\u00e4hett\u00e4\u00e4 kirjeet kahdelle kansanedustajalle; Ritva \u201dKike\u201d Elomaalle sek\u00e4 Ville Taviolle. Elomaa oli vastannut Ylen kyselyss\u00e4 ett\u00e4 hallituksen tulisi tinki\u00e4 ilmastotavoitteistaan. Tavio ei ollut vastannut kyselyyn, mutta Perussuomalaisten ollessa eniten tinkimisen puolella, koimme, ett\u00e4 kirje olisi hyv\u00e4 l\u00e4hett\u00e4\u00e4 eduskuntaryhm\u00e4n puheenjohtajalle. Molemmat edustajat ovat lis\u00e4ksi Varsinais-Suomen vaalipiirist\u00e4, jota pidimme my\u00f6s yhten\u00e4 kriteerin\u00e4 kansanedustajia valitessa.<\/p>\n\n\n\n<figure class=\"wp-block-image size-large is-resized is-style-default\"><img decoding=\"async\" data-src=\"https:\/\/tyyala.utu.fi\/turun-yk-yhdistys\/wp-content\/uploads\/sites\/23\/2020\/06\/ilmastokirje-768x1024.jpeg\" alt=\"\" class=\"wp-image-3948 lazyload\" width=\"266\" height=\"354\" src=\"data:image\/svg+xml;base64,PHN2ZyB3aWR0aD0iMSIgaGVpZ2h0PSIxIiB4bWxucz0iaHR0cDovL3d3dy53My5vcmcvMjAwMC9zdmciPjwvc3ZnPg==\" style=\"--smush-placeholder-width: 266px; --smush-placeholder-aspect-ratio: 266\/354;\" \/><figcaption>Kirje Ville Taviolle<\/figcaption><\/figure>\n\n\n\n<p>L\u00e4hetetyiss\u00e4 kirjeiss\u00e4mme korostimme oikeudenmukaisuutta, taloudellista kest\u00e4vyytt\u00e4, ja Suomen luonnon suojelemista. Muistutimme, ett\u00e4 kuten korona, my\u00f6s ilmastonmuutos uhkaa luonnon lis\u00e4ksi ihmisten taloutta, terveytt\u00e4 ja turvallisuutta. Muistutimme my\u00f6s lopuksi, ett\u00e4 ilmastonmuutos tulisi ottaa huomioon kaikissa politiikan osa-alueissa.<\/p>\n\n\n\n<p>Kirjeit\u00e4 p\u00e4\u00e4set kurkkaamaan blogitekstin kuvasta tai YK-yhdistyksen Instagram-tililt\u00e4 @turun_yk_yhdistys. Tunnisteella #200ilmastokirjett\u00e4 l\u00f6ytyy my\u00f6s muille kansanedustajille l\u00e4hetettyj\u00e4 kirjeit\u00e4.<\/p>\n\n\n\n<p><em>L\u00e4htein\u00e4 k\u00e4ytetty:<\/em><\/p>\n\n\n\n<p>200 ilmastokirjett\u00e4 eduskuntaan <a href=\"https:\/\/www.200ilmastokirjetta.fi\/\">https:\/\/www.200ilmastokirjetta.fi\/<\/a> <\/p>\n\n\n\n<p>Yle 7.4.2020 <a href=\"https:\/\/yle.fi\/uutiset\/3-11293782\">https:\/\/yle.fi\/uutiset\/3-11293782<\/a><\/p>\n","protected":false},"excerpt":{"rendered":"<p>Toukokuun alussa me Turun YK-yhdistyksess\u00e4 osallistuimme Luonto-Liiton ilmastoryhm\u00e4n aluille panemaan kampanjaan \u201d200 ilmastokirjett\u00e4 eduskuntaan\u201d. Kampanjan tarkoitus oli l\u00e4hett\u00e4\u00e4 kansanedustajille fyysisi\u00e4 kirjeit\u00e4, jotta n\u00e4m\u00e4 eiv\u00e4t unohtaisi COVID-19 pandemian keskell\u00e4 ilmastotoimia. J\u00e4lleenrakentaminen koronan j\u00e4lkeen tulisi tehd\u00e4 kest\u00e4v\u00e4sti ilmastonmuutos huomioon ottaen. Kampanja l\u00e4hti liikkeelle, kun Ylen teett\u00e4m\u00e4ss\u00e4 kyselyss\u00e4 40 prosenttia kansanedustajista oli sit\u00e4 mielt\u00e4, ett\u00e4 hallituksen tulisi tinki\u00e4 [&hellip;]<\/p>\n","protected":false},"author":2667,"featured_media":0,"comment_status":"open","ping_status":"closed","sticky":false,"template":"","format":"standard","meta":{"_kad_blocks_custom_css":"","_kad_blocks_head_custom_js":"","_kad_blocks_body_custom_js":"","_kad_blocks_footer_custom_js":"","footnotes":""},"categories":[28],"tags":[312],"class_list":{"0":"post-3942","1":"post","2":"type-post","3":"status-publish","4":"format-standard","6":"category-yleinen-fi","7":"tag-ilmastokirje","8":"czr-hentry"},"taxonomy_info":{"category":[{"value":28,"label":"Yleinen"}],"post_tag":[{"value":312,"label":"ilmastokirje"}]},"featured_image_src_large":false,"author_info":{"display_name":"emmivainio","author_link":"https:\/\/tyyala.utu.fi\/turun-yk-yhdistys\/author\/emmivainio\/"},"comment_info":0,"category_info":[{"term_id":28,"name":"Yleinen","slug":"yleinen-fi","term_group":0,"term_taxonomy_id":28,"taxonomy":"category","description":"","parent":0,"count":23,"filter":"raw","cat_ID":28,"category_count":23,"category_description":"","cat_name":"Yleinen","category_nicename":"yleinen-fi","category_parent":0}],"tag_info":[{"term_id":312,"name":"ilmastokirje","slug":"ilmastokirje","term_group":0,"term_taxonomy_id":315,"taxonomy":"post_tag","description":"","parent":0,"count":1,"filter":"raw"}],"_links":{"self":[{"href":"https:\/\/tyyala.utu.fi\/turun-yk-yhdistys\/wp-json\/wp\/v2\/posts\/3942","targetHints":{"allow":["GET"]}}],"collection":[{"href":"https:\/\/tyyala.utu.fi\/turun-yk-yhdistys\/wp-json\/wp\/v2\/posts"}],"about":[{"href":"https:\/\/tyyala.utu.fi\/turun-yk-yhdistys\/wp-json\/wp\/v2\/types\/post"}],"author":[{"embeddable":true,"href":"https:\/\/tyyala.utu.fi\/turun-yk-yhdistys\/wp-json\/wp\/v2\/users\/2667"}],"replies":[{"embeddable":true,"href":"https:\/\/tyyala.utu.fi\/turun-yk-yhdistys\/wp-json\/wp\/v2\/comments?post=3942"}],"version-history":[{"count":8,"href":"https:\/\/tyyala.utu.fi\/turun-yk-yhdistys\/wp-json\/wp\/v2\/posts\/3942\/revisions"}],"predecessor-version":[{"id":3969,"href":"https:\/\/tyyala.utu.fi\/turun-yk-yhdistys\/wp-json\/wp\/v2\/posts\/3942\/revisions\/3969"}],"wp:attachment":[{"href":"https:\/\/tyyala.utu.fi\/turun-yk-yhdistys\/wp-json\/wp\/v2\/media?parent=3942"}],"wp:term":[{"taxonomy":"category","embeddable":true,"href":"https:\/\/tyyala.utu.fi\/turun-yk-yhdistys\/wp-json\/wp\/v2\/categories?post=3942"},{"taxonomy":"post_tag","embeddable":true,"href":"https:\/\/tyyala.utu.fi\/turun-yk-yhdistys\/wp-json\/wp\/v2\/tags?post=3942"}],"curies":[{"name":"wp","href":"https:\/\/api.w.org\/{rel}","templated":true}]}}