{"id":3903,"date":"2020-04-22T09:33:47","date_gmt":"2020-04-22T09:33:47","guid":{"rendered":"https:\/\/tyyala.utu.fi\/turun-yk-yhdistys\/?p=3903"},"modified":"2020-06-02T17:48:59","modified_gmt":"2020-06-02T17:48:59","slug":"onko-vastuullista-vaatetta-olemassa","status":"publish","type":"post","link":"https:\/\/tyyala.utu.fi\/turun-yk-yhdistys\/2020\/04\/22\/onko-vastuullista-vaatetta-olemassa\/","title":{"rendered":"Onko vastuullista vaatetta olemassa?"},"content":{"rendered":"\n<figure class=\"wp-block-image size-large\"><img decoding=\"async\" data-src=\"https:\/\/tyyala.utu.fi\/turun-yk-yhdistys\/wp-content\/uploads\/sites\/23\/2020\/04\/FRW2020-TwitterAssets7-min1-1024x512.jpg\" alt=\"\" class=\"wp-image-3930 lazyload\" src=\"data:image\/svg+xml;base64,PHN2ZyB3aWR0aD0iMSIgaGVpZ2h0PSIxIiB4bWxucz0iaHR0cDovL3d3dy53My5vcmcvMjAwMC9zdmciPjwvc3ZnPg==\" style=\"--smush-placeholder-width: 1024px; --smush-placeholder-aspect-ratio: 1024\/512;\" \/><\/figure>\n\n\n\n<p>Vaatevallankumous-viikkoa vietet\u00e4\u00e4n t\u00e4n\u00e4 vuonna 20\u201326. huhtikuuta. Tapahtuma sai alkunsa vuonna 2013, kun Bangladeshissa Rana Plaza-niminen vaatetehdas romahti ja yli 1 100 siell\u00e4 ty\u00f6skentelev\u00e4\u00e4 ihmist\u00e4 kuoli romahduksen seurauksena. Vaatevallankumousviikon tarkoitus onkin haastaa ihmiset miettim\u00e4\u00e4n sit\u00e4, kuka vaatteet valmistaa, ja mill\u00e4 hinnalla.  <br><\/p>\n\n\n\n<p>Vaatevallankumous saa siis kysym\u00e4\u00e4n, onko vastuullista vaatetta olemassa. Vastuullisuuden k\u00e4site liittyy l\u00e4heisesti sek\u00e4 eettisyyteen ett\u00e4 ymp\u00e4rist\u00f6asioihin. Molemmat n\u00e4ist\u00e4 ovat YK:n Agenda 2030 tavoitteiden kautta l\u00e4sn\u00e4 my\u00f6s YK:n toiminnassa. Esimerkiksi tavoite 13 puhuu ilmastotavoitteiden puolesta, ja tavoite 8 nostaa esille ihmisarvoisen ty\u00f6n. <br><\/p>\n\n\n\n<p>Kun haluaa panostaa ymp\u00e4rist\u00f6asioihin vaatetta valittaessa kannattaa keskitty\u00e4 materiaaleihin. Iida Fredriksson teki opinn\u00e4ytteens\u00e4 ekologisista materiaalivalinnoista vaateteollisuudessa. Ensimm\u00e4inen asia, johon h\u00e4n kehottaa kiinnitt\u00e4m\u00e4\u00e4n huomiota, on se, ett\u00e4 mink\u00e4 tahansa materiaalin valitseekaan, kannattaa suosia luomua. Luomumateriaaleja tehdess\u00e4 koitetaan v\u00e4ltt\u00e4\u00e4 esimerkiksi turhaa kastelua. Fredriksson toteaa, ett\u00e4 usein luonnonmateriaalit miellet\u00e4\u00e4n hyviksi, ja tekokuidut pahoiksi materiaaliksi. T\u00e4m\u00e4 ei kuitenkaan pid\u00e4 aina paikkansa, esimerkiksi puuvillan tuotanto on eritt\u00e4in ep\u00e4ekologista. Sen tuotanto kuluttaa paljon vett\u00e4, vie tilaa ruoan tuotannolta ja pilaa maaper\u00e4n sek\u00e4 ymp\u00e4r\u00f6iv\u00e4t vesist\u00f6t.  <br><\/p>\n\n\n\n<p>Puuvillaa paremmiksi vaihtoehdoiksi Fredriksson nime\u00e4\u00e4 esimerkiksi hampun ja pellavan. Hampun kasvatus itseasiassa kuohkeuttaa maaper\u00e4\u00e4 ja vaikuttaa siihen positiivisesti. Se vaatii my\u00f6s pienemm\u00e4n alueen kasvulleen kuin puuvilla, ja kasvaa nopeammin. Pellava taas on yksi vanhimmista vaatteisiin k\u00e4ytetyist\u00e4 materiaaleista, eik\u00e4 sen viljely ole muuttunut juuri lainkaan. Sen viljeleminen ei vaadi paljoa lannoitteita tai torjunta-aineita. Pellavaa ostaessa kannattaa kuitenkin pit\u00e4\u00e4 mieless\u00e4, ett\u00e4 sen liotuksessa on voitu k\u00e4ytt\u00e4\u00e4 ymp\u00e4rist\u00f6\u00e4 haittaavia kemikaaleja.  <br><\/p>\n\n\n\n<p>Ylen uudessa dokumenttisarjassa <em>Verta, hike\u00e4 ja T-paitoja<\/em> pureudutaan vaatteiden vastuullisuuteen eettisest\u00e4 n\u00e4k\u00f6kulmasta. Nuoret vaikuttajat kohtaavat todellisuuden, jossa vaateteollisuuden ty\u00f6ntekij\u00e4t tekev\u00e4t t\u00f6it\u00e4 ilman kunnon korvauksia tai vapaap\u00e4ivi\u00e4. Ty\u00f6p\u00e4iv\u00e4t venyv\u00e4t usein luokattoman pitkiksi, ja palkalla ei v\u00e4ltt\u00e4m\u00e4tt\u00e4 pysty ostamaan edes pakollisia ruokatarpeita. Sarja saa katsojan pohtimaan, millaiset olot mahtaa olla niiss\u00e4 paikoissa, jotka eiv\u00e4t ole suostuneet kuvattaviksi, jos olot kuvauspaikoissa ovat t\u00e4llaiset. Fredriksson kehottaakin aina tarkistamaan sen, miss\u00e4 vaate on tehty. Vaikka jokin br\u00e4ndi mainostaisi luomupuuvillaansa, ei siihen voi luottaa, ett\u00e4 koko tuotantoketju olisi toiminut ymp\u00e4rist\u00f6n ja ihmisten kannalta vastuullisesti.  <br><\/p>\n\n\n\n<p>Valitettavasti Fredriksson toteaa, ett\u00e4 on l\u00e4hes mahdotonta valita ekologisesti ja eettisesti parasta materiaalia. Vastuullisin valinta onkin hankkia vaatteita vain tarpeeseen, ja k\u00e4ytt\u00e4\u00e4 kaapissa olevia vaatteita, sek\u00e4 korjata niit\u00e4, jotka ovat korjattavissa. My\u00f6s kierr\u00e4tt\u00e4minen ja k\u00e4ytettyn\u00e4 ostaminen pident\u00e4v\u00e4t vaatteen elinkaarta. <\/p>\n\n\n\n<p>Emmi Vainio <br>Turun YK-yhdistys <\/p>\n\n\n\n<p><\/p>\n\n\n\n<p class=\"has-small-font-size\"> Vaatevallankumous-viikkoon voi osallistua sosiaalisessa mediassa tunnuksella #whomademyclothes.  <\/p>\n\n\n\n<p class=\"has-small-font-size\">L\u00e4htein\u00e4 on k\u00e4ytetty Iida Fredrikssonin opinn\u00e4ytety\u00f6t\u00e4 <em>Ekologiset materiaalivalinnat vaatetustuotannossa \u2013 Case: Lil Jo &amp; Vilja<\/em> sek\u00e4 Ylen dokumenttisarjaa <em>Verta, hike\u00e4 ja Tpaitoja.<\/em> <\/p>\n","protected":false},"excerpt":{"rendered":"<p>Vaatevallankumous-viikkoa vietet\u00e4\u00e4n t\u00e4n\u00e4 vuonna 20\u201326. huhtikuuta. Tapahtuma sai alkunsa vuonna 2013, kun Bangladeshissa Rana Plaza-niminen vaatetehdas romahti ja yli 1 100 siell\u00e4 ty\u00f6skentelev\u00e4\u00e4 ihmist\u00e4 kuoli romahduksen seurauksena. Vaatevallankumousviikon tarkoitus onkin haastaa ihmiset miettim\u00e4\u00e4n sit\u00e4, kuka vaatteet valmistaa, ja mill\u00e4 hinnalla. Vaatevallankumous saa siis kysym\u00e4\u00e4n, onko vastuullista vaatetta olemassa. Vastuullisuuden k\u00e4site liittyy l\u00e4heisesti sek\u00e4 eettisyyteen ett\u00e4 [&hellip;]<\/p>\n","protected":false},"author":2667,"featured_media":0,"comment_status":"open","ping_status":"closed","sticky":false,"template":"","format":"standard","meta":{"_kad_blocks_custom_css":"","_kad_blocks_head_custom_js":"","_kad_blocks_body_custom_js":"","_kad_blocks_footer_custom_js":"","footnotes":""},"categories":[28],"tags":[309,303,306],"class_list":{"0":"post-3903","1":"post","2":"type-post","3":"status-publish","4":"format-standard","6":"category-yleinen-fi","7":"tag-whomademyclothes","8":"tag-vaatevallankumous","9":"tag-vastuullisuus","10":"czr-hentry"},"taxonomy_info":{"category":[{"value":28,"label":"Yleinen"}],"post_tag":[{"value":309,"label":"#whomademyclothes"},{"value":303,"label":"vaatevallankumous"},{"value":306,"label":"vastuullisuus"}]},"featured_image_src_large":false,"author_info":{"display_name":"emmivainio","author_link":"https:\/\/tyyala.utu.fi\/turun-yk-yhdistys\/author\/emmivainio\/"},"comment_info":0,"category_info":[{"term_id":28,"name":"Yleinen","slug":"yleinen-fi","term_group":0,"term_taxonomy_id":28,"taxonomy":"category","description":"","parent":0,"count":23,"filter":"raw","cat_ID":28,"category_count":23,"category_description":"","cat_name":"Yleinen","category_nicename":"yleinen-fi","category_parent":0}],"tag_info":[{"term_id":309,"name":"#whomademyclothes","slug":"whomademyclothes","term_group":0,"term_taxonomy_id":312,"taxonomy":"post_tag","description":"","parent":0,"count":1,"filter":"raw"},{"term_id":303,"name":"vaatevallankumous","slug":"vaatevallankumous","term_group":0,"term_taxonomy_id":306,"taxonomy":"post_tag","description":"","parent":0,"count":1,"filter":"raw"},{"term_id":306,"name":"vastuullisuus","slug":"vastuullisuus","term_group":0,"term_taxonomy_id":309,"taxonomy":"post_tag","description":"","parent":0,"count":1,"filter":"raw"}],"_links":{"self":[{"href":"https:\/\/tyyala.utu.fi\/turun-yk-yhdistys\/wp-json\/wp\/v2\/posts\/3903","targetHints":{"allow":["GET"]}}],"collection":[{"href":"https:\/\/tyyala.utu.fi\/turun-yk-yhdistys\/wp-json\/wp\/v2\/posts"}],"about":[{"href":"https:\/\/tyyala.utu.fi\/turun-yk-yhdistys\/wp-json\/wp\/v2\/types\/post"}],"author":[{"embeddable":true,"href":"https:\/\/tyyala.utu.fi\/turun-yk-yhdistys\/wp-json\/wp\/v2\/users\/2667"}],"replies":[{"embeddable":true,"href":"https:\/\/tyyala.utu.fi\/turun-yk-yhdistys\/wp-json\/wp\/v2\/comments?post=3903"}],"version-history":[{"count":10,"href":"https:\/\/tyyala.utu.fi\/turun-yk-yhdistys\/wp-json\/wp\/v2\/posts\/3903\/revisions"}],"predecessor-version":[{"id":3936,"href":"https:\/\/tyyala.utu.fi\/turun-yk-yhdistys\/wp-json\/wp\/v2\/posts\/3903\/revisions\/3936"}],"wp:attachment":[{"href":"https:\/\/tyyala.utu.fi\/turun-yk-yhdistys\/wp-json\/wp\/v2\/media?parent=3903"}],"wp:term":[{"taxonomy":"category","embeddable":true,"href":"https:\/\/tyyala.utu.fi\/turun-yk-yhdistys\/wp-json\/wp\/v2\/categories?post=3903"},{"taxonomy":"post_tag","embeddable":true,"href":"https:\/\/tyyala.utu.fi\/turun-yk-yhdistys\/wp-json\/wp\/v2\/tags?post=3903"}],"curies":[{"name":"wp","href":"https:\/\/api.w.org\/{rel}","templated":true}]}}