{"id":3650,"date":"2019-03-04T12:05:36","date_gmt":"2019-03-04T12:05:36","guid":{"rendered":"http:\/\/tyyala.utu.fi\/turun-yk-yhdistys\/?p=3650"},"modified":"2019-03-04T12:07:16","modified_gmt":"2019-03-04T12:07:16","slug":"nuorten-ilmastokokous-miten-saadaan-kaikki-samalle-puolelle","status":"publish","type":"post","link":"https:\/\/tyyala.utu.fi\/turun-yk-yhdistys\/2019\/03\/04\/nuorten-ilmastokokous-miten-saadaan-kaikki-samalle-puolelle\/","title":{"rendered":"Nuorten ilmastokokous &#8211; miten saadaan kaikki samalle puolelle?"},"content":{"rendered":"\n<figure class=\"wp-block-image is-resized\"><img decoding=\"async\" data-src=\"https:\/\/tyyala.utu.fi\/turun-yk-yhdistys\/wp-content\/uploads\/sites\/23\/2019\/03\/Nuorten-ilmastokokous.jpg\" alt=\"\" class=\"wp-image-3656 lazyload\" width=\"800\" height=\"600\" src=\"data:image\/svg+xml;base64,PHN2ZyB3aWR0aD0iMSIgaGVpZ2h0PSIxIiB4bWxucz0iaHR0cDovL3d3dy53My5vcmcvMjAwMC9zdmciPjwvc3ZnPg==\" style=\"--smush-placeholder-width: 800px; --smush-placeholder-aspect-ratio: 800\/600;\" \/><figcaption>kuva: Venla Rousku<\/figcaption><\/figure>\n\n\n\n<p>Kuluneena viikonloppuna j\u00e4rjestettiin Suomen ensimm\u00e4inen Nuorten ilmastokokous Finlandia-talolla lauantaina 2. Maaliskuuta. Kokoukseen osallistui 500 nuorta ja sen kummina toimi<strong> presidentti Tarja Halonen<\/strong>, joka avasi kokouksen kello 12. <\/p>\n\n\n\n<figure class=\"wp-block-embed-flickr wp-block-embed is-type-photo is-provider-flickr\"><div class=\"wp-block-embed__wrapper\">\n<a href=\"https:\/\/flic.kr\/p\/2f2Lt8Z\"><img decoding=\"async\" data-src=\"https:\/\/live.staticflickr.com\/7894\/47277680011_99e888261d_b.jpg\" alt=\"DSCN6136\" width=\"1024\" height=\"768\" src=\"data:image\/svg+xml;base64,PHN2ZyB3aWR0aD0iMSIgaGVpZ2h0PSIxIiB4bWxucz0iaHR0cDovL3d3dy53My5vcmcvMjAwMC9zdmciPjwvc3ZnPg==\" class=\"lazyload\" style=\"--smush-placeholder-width: 1024px; --smush-placeholder-aspect-ratio: 1024\/768;\" \/><\/a>\n<\/div><figcaption>Presidentti Tarja Halonen.<br>kuva: Venla Rousku<\/figcaption><\/figure>\n\n\n\n<p>Kokouksen alkuun <strong>Nuorten Agenda2030 -ryhm\u00e4n puheenjohtaja Siiri M\u00e4kel\u00e4<\/strong> lausui kokouksen julkilausuman. Seuraavaksi ote julkilausumasta:<\/p>\n\n\n\n<p><strong>Visio<\/strong><br><\/p>\n\n\n\n<p class=\"has-small-font-size\">Vuonna 2030 el\u00e4mme Suomessa, joka on ottanut merkitt\u00e4vi\u00e4 askelia kohti hiilineutraalia yhteiskuntaa ja on ensimm\u00e4isten maiden joukossa matkalla kohti kunnianhimoisten ilmastotavoitteiden saavuttamista. Ilmastoteot on toteutettu niin, ett\u00e4 ihmisoikeudet ja globaali yhdenmukaisuus toteutuvat ja niin, ettei yhteiskunnallinen eriarvoisuus ole kasvanut. Nuorten asema on vakiintunut, ja nuoret osallistuvat omien voimavarojensa rajoissa. <br><\/p>\n\n\n\n<p class=\"has-small-font-size\">Vuonna 2030 maailmassa tavoitellaan jatkuvan talouskasvun sijaan kest\u00e4v\u00e4\u00e4 hyvinvointia. Ilmaston pelastaminen n\u00e4hd\u00e4\u00e4n tilaisuutena tehd\u00e4 reilumpi talousj\u00e4rjestelm\u00e4. Uuden ty\u00f6n luominen yhteiskunnassa on alisteista kest\u00e4v\u00e4lle kehitykselle. Tuotteiden hinta sis\u00e4lt\u00e4\u00e4 niiden todelliset kustannukset, ja yksil\u00f6t n\u00e4hd\u00e4\u00e4n kansalaisina eik\u00e4 kuluttajina. El\u00e4inten oikeudet toteutuvat, eik\u00e4 el\u00e4imi\u00e4 n\u00e4hd\u00e4 vain taloudellisen hy\u00f6dyn kautta. <br><\/p>\n\n\n\n<p class=\"has-small-font-size\">Emme voi hyv\u00e4ksy\u00e4, ett\u00e4 ilmastonmuutoksesta on tiedetty jo kauan, mutta p\u00e4\u00e4tt\u00e4j\u00e4t eiv\u00e4t ole tehneet tarvittavia toimenpiteit\u00e4. Nykyinen toimimattomuus aiheuttaa tulevaisuudessa yh\u00e4 suurempia ongelmia.<\/p>\n\n\n\n<figure class=\"wp-block-embed-flickr wp-block-embed is-type-photo is-provider-flickr\"><div class=\"wp-block-embed__wrapper\">\n<a href=\"https:\/\/flic.kr\/p\/2f2LsZT\"><img decoding=\"async\" data-src=\"https:\/\/live.staticflickr.com\/7810\/47277679541_4b90ceab92_b.jpg\" alt=\"DSCN6154\" width=\"1024\" height=\"768\" src=\"data:image\/svg+xml;base64,PHN2ZyB3aWR0aD0iMSIgaGVpZ2h0PSIxIiB4bWxucz0iaHR0cDovL3d3dy53My5vcmcvMjAwMC9zdmciPjwvc3ZnPg==\" class=\"lazyload\" style=\"--smush-placeholder-width: 1024px; --smush-placeholder-aspect-ratio: 1024\/768;\" \/><\/a>\n<\/div><figcaption>kuva: Venla Rousku<\/figcaption><\/figure>\n\n\n\n<p>Nuorten Agenda2030 -ryhm\u00e4 on perustettu kev\u00e4\u00e4ll\u00e4 2017 p\u00e4\u00e4ministerin johtaman kest\u00e4v\u00e4n kehityksen toimikunnan alaisuuteen. Tarkoituksena oli lis\u00e4t\u00e4 nuorten aktiivisuutta kest\u00e4v\u00e4\u00e4 kehityst\u00e4 edist\u00e4v\u00e4n toiminnan suunnittelussa ja toteuttamisessa. <br><\/p>\n\n\n\n<p>Itse kokouksen ohjelma oli todella monipuolinen sis\u00e4lt\u00e4en puheenvuoroja, paneelikeskusteluja, st\u00e4ndej\u00e4 sek\u00e4 ty\u00f6pajoja. Puheenvuoroja oli aina laista tutkimuksiin asti. Paneelikeskustelut koskivat muun muassa Nuoret, rauha ja turvallisuus -p\u00e4\u00e4t\u00f6slauselman teemaa sek\u00e4 viimeinen poliittisten nuorisoj\u00e4rjest\u00f6jen puheenjohtajien paneeli koski poliittisia kantoja ilmastonmuutoksen torjumiseen.<\/p>\n\n\n\n<p><\/p>\n\n\n\n<figure class=\"wp-block-embed-flickr wp-block-embed is-type-photo is-provider-flickr\"><div class=\"wp-block-embed__wrapper\">\n<a href=\"https:\/\/flic.kr\/p\/2f2LsSt\"><img decoding=\"async\" data-src=\"https:\/\/live.staticflickr.com\/7815\/47277679111_63f0df5bec_b.jpg\" alt=\"DSCN6174\" width=\"1024\" height=\"768\" src=\"data:image\/svg+xml;base64,PHN2ZyB3aWR0aD0iMSIgaGVpZ2h0PSIxIiB4bWxucz0iaHR0cDovL3d3dy53My5vcmcvMjAwMC9zdmciPjwvc3ZnPg==\" class=\"lazyload\" style=\"--smush-placeholder-width: 1024px; --smush-placeholder-aspect-ratio: 1024\/768;\" \/><\/a>\n<\/div><figcaption>YK-nuorten st\u00e4ndill\u00e4 sai heitt\u00e4\u00e4 pois asioita, joista olisi valmis luopumaan ilmastonmuutoksen torjumiseksi. <br>kuva: Venla Rousku<\/figcaption><\/figure>\n\n\n\n<p>Ilmastosopimuksissa ollaan syv\u00e4ll\u00e4 sopimusoikeudessa ja erityisesti n\u00e4inkin globaalin ongelman kohdalla syv\u00e4ll\u00e4 kansainv\u00e4lisess\u00e4 oikeudessa. Globaalit uhat vaativat ylikansallisia toimenpiteit\u00e4. Historiasta voidaan n\u00e4hd\u00e4 useita esimerkkej\u00e4 siit\u00e4, miten suuren uhan edess\u00e4 liittoudutaan yhten\u00e4iseksi rintamaksi. Miksi n\u00e4in ei ole ilmastonmuutoksen kohdalla? <br><\/p>\n\n\n\n<p>Ilmastonmuutoksen vaikutukset n\u00e4kyv\u00e4t jo nyt erityisesti p\u00e4iv\u00e4ntasaajalla sek\u00e4 etel\u00e4- ja pohjoisnavalla. Samaan aikaan kun j\u00e4\u00e4peite sulaa ja merenpinta nousee, kuumimmilla ja kuivimmilla alueilla k\u00e4rsit\u00e4\u00e4n entist\u00e4 enemm\u00e4n kuivuuden haitoista. Pahimmillaan luonnonolojen heikentyminen ja alueiden muuttuminen asuinkelvottomaksi aiheuttaa konflikteja, jotka voivat uhata jopa maailmanrauhaa. <br><\/p>\n\n\n\n<p>Meill\u00e4 on kiistatonta tutkimustietoa ilmastonmuutoksen haitoista sek\u00e4 ylip\u00e4\u00e4t\u00e4\u00e4n sen olemassa olosta. Silti meill\u00e4 on kiist\u00e4ji\u00e4, meill\u00e4 on asian sivuun ty\u00f6nt\u00e4ji\u00e4 sek\u00e4 meill\u00e4 on vain asiasta tiet\u00e4m\u00e4tt\u00f6mi\u00e4. Kuinka tietomme voisi saavuttaa mahdollisimman monia?<br><\/p>\n\n\n\n<p>Kokouksen lopuksi nykyinen <strong>ymp\u00e4rist\u00f6ministeri<\/strong> <strong>Kimmo Tiilikainen <\/strong>kertoi, mit\u00e4 nyky\u00e4\u00e4n jo tehd\u00e4\u00e4n ilmastonmuutoksen hillitsemiseksi. H\u00e4n painotti sit\u00e4, ett\u00e4 puhtaita energiamuotoja on jo l\u00f6ydetty ja opittu hy\u00f6dynt\u00e4m\u00e4\u00e4n. Seuraavaksi askeleeksi h\u00e4n mainitsi kiertotalouden, jossa materiaalit kierr\u00e4tet\u00e4\u00e4n uusiok\u00e4ytt\u00f6\u00f6n mahdollisimman tehokkaasti. <\/p>\n\n\n\n<figure class=\"wp-block-embed-flickr wp-block-embed is-type-photo is-provider-flickr\"><div class=\"wp-block-embed__wrapper\">\n<a href=\"https:\/\/flic.kr\/p\/2f2LsEp\"><img decoding=\"async\" data-src=\"https:\/\/live.staticflickr.com\/7866\/47277678411_56b197a6d1_b.jpg\" alt=\"DSCN6232\" width=\"1024\" height=\"768\" src=\"data:image\/svg+xml;base64,PHN2ZyB3aWR0aD0iMSIgaGVpZ2h0PSIxIiB4bWxucz0iaHR0cDovL3d3dy53My5vcmcvMjAwMC9zdmciPjwvc3ZnPg==\" class=\"lazyload\" style=\"--smush-placeholder-width: 1024px; --smush-placeholder-aspect-ratio: 1024\/768;\" \/><\/a>\n<\/div><figcaption>Ymp\u00e4rist\u00f6ministeri Kimmo Tiilikainen. <br>kuva: Venla Rousku<\/figcaption><\/figure>\n\n\n\n<p><br><\/p>\n\n\n\n<p>Suomi on Euroopan Unionin puheenjohtajamaa kaudella 2019. Suomella on ennenn\u00e4kem\u00e4t\u00f6n mahdollisuus p\u00e4\u00e4st\u00e4 vaikuttamaan ilmastonmuutokseen poliittisessa eturintamassa. Tiukempia p\u00e4\u00e4st\u00f6v\u00e4hennyksi\u00e4 vaativat Suomen lis\u00e4ksi Ruotsi ja Alankomaat. Miten saadaan loput Euroopan maat samalle puolelle? <br><\/p>\n\n\n\n<p>Ilmastokokouksessa tuli monia erilaisia toimintamalleja muutoksen ehk\u00e4isemiseksi: talousmallin muuttaminen jatkuvan kasvun tavoittelusta luonnonvarojen kustannuksella ymp\u00e4rist\u00f6yst\u00e4v\u00e4lliseen kierr\u00e4tys- ja uusiok\u00e4ytt\u00f6malliin (ohessa linkki talouden donitsimalliin, joka nousi esille <a href=\"https:\/\/www.maailmankuvalehti.fi\/2018\/4\/pitkat\/taloustieteilija-kate-raworth-olemme-viimeisia-jotka-voivat-pelastaa-planeettamme\">https:\/\/www.maailmankuvalehti.fi\/2018\/4\/pitkat\/taloustieteilija-kate-raworth-olemme-viimeisia-jotka-voivat-pelastaa-planeettamme<\/a>), hiilinielujen kasvattaminen ja vaaliminen sek\u00e4 kulutus- ja ruokailutottumusten muuttaminen. Ja n\u00e4m\u00e4 olivat vain muutama esimerkki monista ideoista. Kuitenkin p\u00e4iv\u00e4n mieleenpainuvin lause oli, ett\u00e4 \u201c<em>meill\u00e4 on jo vastaukset, muttemme hy\u00f6dynn\u00e4 niit\u00e4<\/em>\u201d.<\/p>\n\n\n\n<figure class=\"wp-block-embed-flickr wp-block-embed is-type-photo is-provider-flickr\"><div class=\"wp-block-embed__wrapper\">\n<a href=\"https:\/\/flic.kr\/p\/2f2LsKe\"><img decoding=\"async\" data-src=\"https:\/\/live.staticflickr.com\/7909\/47277678691_230d5542d9_b.jpg\" alt=\"DSCN6230\" width=\"1024\" height=\"768\" src=\"data:image\/svg+xml;base64,PHN2ZyB3aWR0aD0iMSIgaGVpZ2h0PSIxIiB4bWxucz0iaHR0cDovL3d3dy53My5vcmcvMjAwMC9zdmciPjwvc3ZnPg==\" class=\"lazyload\" style=\"--smush-placeholder-width: 1024px; --smush-placeholder-aspect-ratio: 1024\/768;\" \/><\/a>\n<\/div><figcaption>kuva: Venla Rousku<\/figcaption><\/figure>\n\n\n\n<p>Tule mukaan pohtimaan mahdollisia keinoja edist\u00e4\u00e4 toimintaa ilmastonmuutoksen hillitsemiseksi Turun YK-yhdistyksen, Varsinais-Suomen Luonto-Liiton sek\u00e4 TYYn kehitysyhteisty\u00f6siiven kanssa Turun yliopiston Kampuskappeliin 4.3. Klo 18. Tulevaisuus huolettaa, muttet ole yksin huoliesi kanssa.<\/p>\n\n\n\n<p>Kirjoittaja:<br>Saana Ylikruuvi, puheenjohtaja Turun YK-yhdistys<\/p>\n\n\n\n<p><br><\/p>\n","protected":false},"excerpt":{"rendered":"<p>Kuluneena viikonloppuna j\u00e4rjestettiin Suomen ensimm\u00e4inen Nuorten ilmastokokous Finlandia-talolla lauantaina 2. Maaliskuuta. Kokoukseen osallistui 500 nuorta ja sen kummina toimi presidentti Tarja Halonen, joka avasi kokouksen kello 12. Kokouksen alkuun Nuorten Agenda2030 -ryhm\u00e4n puheenjohtaja Siiri M\u00e4kel\u00e4 lausui kokouksen julkilausuman. Seuraavaksi ote julkilausumasta: Visio Vuonna 2030 el\u00e4mme Suomessa, joka on ottanut merkitt\u00e4vi\u00e4 askelia kohti hiilineutraalia yhteiskuntaa ja [&hellip;]<\/p>\n","protected":false},"author":2102,"featured_media":3656,"comment_status":"open","ping_status":"closed","sticky":false,"template":"","format":"standard","meta":{"_kad_blocks_custom_css":"","_kad_blocks_head_custom_js":"","_kad_blocks_body_custom_js":"","_kad_blocks_footer_custom_js":"","footnotes":""},"categories":[28],"tags":[],"class_list":{"0":"post-3650","1":"post","2":"type-post","3":"status-publish","4":"format-standard","5":"has-post-thumbnail","7":"category-yleinen-fi","8":"czr-hentry"},"taxonomy_info":{"category":[{"value":28,"label":"Yleinen"}]},"featured_image_src_large":["https:\/\/tyyala.utu.fi\/turun-yk-yhdistys\/wp-content\/uploads\/sites\/23\/2019\/03\/Nuorten-ilmastokokous.jpg",560,315,false],"author_info":{"display_name":"saanaylikruuvi","author_link":"https:\/\/tyyala.utu.fi\/turun-yk-yhdistys\/author\/saanaylikruuvi\/"},"comment_info":0,"category_info":[{"term_id":28,"name":"Yleinen","slug":"yleinen-fi","term_group":0,"term_taxonomy_id":28,"taxonomy":"category","description":"","parent":0,"count":23,"filter":"raw","cat_ID":28,"category_count":23,"category_description":"","cat_name":"Yleinen","category_nicename":"yleinen-fi","category_parent":0}],"tag_info":false,"_links":{"self":[{"href":"https:\/\/tyyala.utu.fi\/turun-yk-yhdistys\/wp-json\/wp\/v2\/posts\/3650","targetHints":{"allow":["GET"]}}],"collection":[{"href":"https:\/\/tyyala.utu.fi\/turun-yk-yhdistys\/wp-json\/wp\/v2\/posts"}],"about":[{"href":"https:\/\/tyyala.utu.fi\/turun-yk-yhdistys\/wp-json\/wp\/v2\/types\/post"}],"author":[{"embeddable":true,"href":"https:\/\/tyyala.utu.fi\/turun-yk-yhdistys\/wp-json\/wp\/v2\/users\/2102"}],"replies":[{"embeddable":true,"href":"https:\/\/tyyala.utu.fi\/turun-yk-yhdistys\/wp-json\/wp\/v2\/comments?post=3650"}],"version-history":[{"count":7,"href":"https:\/\/tyyala.utu.fi\/turun-yk-yhdistys\/wp-json\/wp\/v2\/posts\/3650\/revisions"}],"predecessor-version":[{"id":3680,"href":"https:\/\/tyyala.utu.fi\/turun-yk-yhdistys\/wp-json\/wp\/v2\/posts\/3650\/revisions\/3680"}],"wp:featuredmedia":[{"embeddable":true,"href":"https:\/\/tyyala.utu.fi\/turun-yk-yhdistys\/wp-json\/wp\/v2\/media\/3656"}],"wp:attachment":[{"href":"https:\/\/tyyala.utu.fi\/turun-yk-yhdistys\/wp-json\/wp\/v2\/media?parent=3650"}],"wp:term":[{"taxonomy":"category","embeddable":true,"href":"https:\/\/tyyala.utu.fi\/turun-yk-yhdistys\/wp-json\/wp\/v2\/categories?post=3650"},{"taxonomy":"post_tag","embeddable":true,"href":"https:\/\/tyyala.utu.fi\/turun-yk-yhdistys\/wp-json\/wp\/v2\/tags?post=3650"}],"curies":[{"name":"wp","href":"https:\/\/api.w.org\/{rel}","templated":true}]}}