{"id":2715,"date":"2018-10-11T15:28:30","date_gmt":"2018-10-11T15:28:30","guid":{"rendered":"http:\/\/tyyala.utu.fi\/turun-yk-yhdistys\/?p=2715"},"modified":"2019-05-22T19:59:21","modified_gmt":"2019-05-22T19:59:21","slug":"kansainvalinen-tyttojen-paiva-11-10","status":"publish","type":"post","link":"https:\/\/tyyala.utu.fi\/turun-yk-yhdistys\/2018\/10\/11\/kansainvalinen-tyttojen-paiva-11-10\/","title":{"rendered":"Kansainv\u00e4linen tytt\u00f6jen p\u00e4iv\u00e4 11.10."},"content":{"rendered":"<p>Kirjoittaja: Meri Leino, Turun YK-Yhdistyksen tiedottaja ja tapahtumavastaava<\/p>\n<p><img decoding=\"async\" class=\"aligncenter wp-image-2718 size-full lazyload\" data-src=\"https:\/\/tyyala.utu.fi\/turun-yk-yhdistys\/wp-content\/uploads\/sites\/23\/2018\/10\/DSCN0930.jpg\" alt=\"\" width=\"5184\" height=\"3888\" data-srcset=\"https:\/\/tyyala.utu.fi\/turun-yk-yhdistys\/wp-content\/uploads\/sites\/23\/2018\/10\/DSCN0930.jpg 5184w, https:\/\/tyyala.utu.fi\/turun-yk-yhdistys\/wp-content\/uploads\/sites\/23\/2018\/10\/DSCN0930-300x225.jpg 300w, https:\/\/tyyala.utu.fi\/turun-yk-yhdistys\/wp-content\/uploads\/sites\/23\/2018\/10\/DSCN0930-768x576.jpg 768w, https:\/\/tyyala.utu.fi\/turun-yk-yhdistys\/wp-content\/uploads\/sites\/23\/2018\/10\/DSCN0930-1024x768.jpg 1024w\" data-sizes=\"(max-width: 5184px) 100vw, 5184px\" src=\"data:image\/svg+xml;base64,PHN2ZyB3aWR0aD0iMSIgaGVpZ2h0PSIxIiB4bWxucz0iaHR0cDovL3d3dy53My5vcmcvMjAwMC9zdmciPjwvc3ZnPg==\" style=\"--smush-placeholder-width: 5184px; --smush-placeholder-aspect-ratio: 5184\/3888;\" \/><\/p>\n<h5>Kuva: Venla<\/h5>\n<h4><span style=\"color: #000000\"><strong>T\u00e4n\u00e4\u00e4n 11.10. vietet\u00e4\u00e4n kansainv\u00e4linen tytt\u00f6jen p\u00e4iv\u00e4\u00e4. Turun YK-yhdistys tukee maailman 1,1 miljardin tyt\u00f6n el\u00e4m\u00e4npolkua t\u00e4n\u00e4\u00e4n ja tulevaisuudessa.<\/strong><\/span><\/h4>\n<p>Tytt\u00f6jen p\u00e4iv\u00e4n tarkoituksena on nostaa esiin ongelmakohtia, joita tyt\u00f6t kohtaavat p\u00e4ivitt\u00e4isiss\u00e4 el\u00e4miss\u00e4\u00e4n ymp\u00e4ri maailmaa sukupuolensa vuoksi. P\u00e4iv\u00e4n tarkoituksena on edist\u00e4\u00e4 tytt\u00f6jen oikeuksien toteutumista sek\u00e4 voimauttaa tytt\u00f6j\u00e4 taistelemaan niiden puolesta. Tytt\u00f6jen p\u00e4iv\u00e4n\u00e4 pyrit\u00e4\u00e4n my\u00f6s lis\u00e4\u00e4m\u00e4\u00e4n miesten ymm\u00e4rryst\u00e4 naisten ja miesten v\u00e4lisen tasa-arvon tuomista eduista.<\/p>\n<p>Edelleen ymp\u00e4ri maailmaa tyt\u00f6t kohtaavat paljon haasteita, jotka johtuvat heid\u00e4n sukupuolestaan. Tytt\u00f6ys on useissa maissa este koulutukseen ja ty\u00f6el\u00e4m\u00e4\u00e4n p\u00e4\u00e4sylle. Erityisesti k\u00f6yhimmiss\u00e4 maissa tytt\u00f6j\u00e4 uhkaavat poikia useammin muun muassa aliravitsemus ja k\u00f6yhyys. Pelk\u00e4st\u00e4\u00e4n t\u00e4n\u00e4 vuonna 12 miljoonaa alle 18-vuotiasta tytt\u00f6\u00e4 menee naimisiin ja kehittyvill\u00e4 alueilla 21 miljoonaa 15\u201319-vuotiasta tytt\u00f6\u00e4 tulee raskaaksi. Tytt\u00f6jen koulutusta on tuettava, koska se on avain itsen\u00e4iseen ja vakaaseen el\u00e4m\u00e4\u00e4n.<\/p>\n<p>YK:n Agenda 2030 tavoitteista yksi on sukupuolten v\u00e4lisen tasa-arvon saavuttaminen. YK pyrkii tukemaan tytt\u00f6j\u00e4 niin kehittyneiss\u00e4, kuin kehittyviss\u00e4kin maissa erilaisin apuohjelmin ja tietoisuuskampanjoin. Vuonna 2012 tytt\u00f6jen oikeuksien saavuttaminen saavuttikin merkitt\u00e4v\u00e4n virstanpylv\u00e4\u00e4n, kun YK:n yleiskokous vahvisti kansainv\u00e4lisen tytt\u00f6jen.<\/p>\n<p>Tytt\u00f6jen p\u00e4iv\u00e4n\u00e4 ei tule keskitty\u00e4 pelk\u00e4st\u00e4\u00e4n negatiivisiin ongelmakohtiin, sill\u00e4 tytt\u00f6jen p\u00e4iv\u00e4 on my\u00f6s juhlap\u00e4iv\u00e4, joka nostaa tuo esiin tytt\u00f6jen voiman, kyvyn inspiroida ja innovoida. My\u00f6s sit\u00e4 on syyt\u00e4 juhlia!<\/p>\n<p><iframe title=\"Freedom - International Day of the Girl | Global Goals\" width=\"1140\" height=\"641\" data-src=\"https:\/\/www.youtube.com\/embed\/3BMgV8jj9IU?feature=oembed\" frameborder=\"0\" allow=\"accelerometer; autoplay; clipboard-write; encrypted-media; gyroscope; picture-in-picture; web-share\" referrerpolicy=\"strict-origin-when-cross-origin\" allowfullscreen src=\"data:image\/svg+xml;base64,PHN2ZyB3aWR0aD0iMSIgaGVpZ2h0PSIxIiB4bWxucz0iaHR0cDovL3d3dy53My5vcmcvMjAwMC9zdmciPjwvc3ZnPg==\" class=\"lazyload\" data-load-mode=\"1\"><\/iframe><\/p>\n<p><strong>L\u00e4hteet:<\/strong><\/p>\n<p><a href=\"https:\/\/fi.wikipedia.org\/wiki\/Kansainv%C3%A4linen_tytt%C3%B6jen_p%C3%A4iv%C3%A4\">https:\/\/fi.wikipedia.org\/wiki\/Kansainv%C3%A4linen_tytt%C3%B6jen_p%C3%A4iv%C3%A4<\/a><\/p>\n<p><a href=\"https:\/\/plan.fi\/tyttojen-paiva\">https:\/\/plan.fi\/tyttojen-paiva<\/a><\/p>\n<p><a href=\"https:\/\/unwomen.fi\/\">https:\/\/unwomen.fi<\/a><\/p>\n","protected":false},"excerpt":{"rendered":"<p>Kirjoittaja: Meri Leino, Turun YK-Yhdistyksen tiedottaja ja tapahtumavastaava Kuva: Venla T\u00e4n\u00e4\u00e4n 11.10. vietet\u00e4\u00e4n kansainv\u00e4linen tytt\u00f6jen p\u00e4iv\u00e4\u00e4. Turun YK-yhdistys tukee maailman 1,1 miljardin tyt\u00f6n el\u00e4m\u00e4npolkua t\u00e4n\u00e4\u00e4n ja tulevaisuudessa. Tytt\u00f6jen p\u00e4iv\u00e4n tarkoituksena on nostaa esiin ongelmakohtia, joita tyt\u00f6t kohtaavat p\u00e4ivitt\u00e4isiss\u00e4 el\u00e4miss\u00e4\u00e4n ymp\u00e4ri maailmaa sukupuolensa vuoksi. P\u00e4iv\u00e4n tarkoituksena on edist\u00e4\u00e4 tytt\u00f6jen oikeuksien toteutumista sek\u00e4 voimauttaa tytt\u00f6j\u00e4 taistelemaan niiden [&hellip;]<\/p>\n","protected":false},"author":2003,"featured_media":0,"comment_status":"open","ping_status":"closed","sticky":false,"template":"","format":"standard","meta":{"_kad_blocks_custom_css":"","_kad_blocks_head_custom_js":"","_kad_blocks_body_custom_js":"","_kad_blocks_footer_custom_js":"","footnotes":""},"categories":[107,58,64],"tags":[],"class_list":{"0":"post-2715","1":"post","2":"type-post","3":"status-publish","4":"format-standard","6":"category-agenda2030","7":"category-tasa-arvo","8":"category-ykn-teemapaivat","9":"czr-hentry"},"taxonomy_info":{"category":[{"value":107,"label":"Agenda2030"},{"value":58,"label":"Tasa-arvo"},{"value":64,"label":"YK:n teemap\u00e4iv\u00e4t"}]},"featured_image_src_large":false,"author_info":{"display_name":"Venla","author_link":"https:\/\/tyyala.utu.fi\/turun-yk-yhdistys\/author\/venlarousku\/"},"comment_info":0,"category_info":[{"term_id":107,"name":"Agenda2030","slug":"agenda2030","term_group":0,"term_taxonomy_id":107,"taxonomy":"category","description":"","parent":0,"count":12,"filter":"raw","cat_ID":107,"category_count":12,"category_description":"","cat_name":"Agenda2030","category_nicename":"agenda2030","category_parent":0},{"term_id":58,"name":"Tasa-arvo","slug":"tasa-arvo","term_group":0,"term_taxonomy_id":58,"taxonomy":"category","description":"","parent":0,"count":4,"filter":"raw","cat_ID":58,"category_count":4,"category_description":"","cat_name":"Tasa-arvo","category_nicename":"tasa-arvo","category_parent":0},{"term_id":64,"name":"YK:n teemap\u00e4iv\u00e4t","slug":"ykn-teemapaivat","term_group":0,"term_taxonomy_id":64,"taxonomy":"category","description":"","parent":0,"count":13,"filter":"raw","cat_ID":64,"category_count":13,"category_description":"","cat_name":"YK:n teemap\u00e4iv\u00e4t","category_nicename":"ykn-teemapaivat","category_parent":0}],"tag_info":false,"_links":{"self":[{"href":"https:\/\/tyyala.utu.fi\/turun-yk-yhdistys\/wp-json\/wp\/v2\/posts\/2715","targetHints":{"allow":["GET"]}}],"collection":[{"href":"https:\/\/tyyala.utu.fi\/turun-yk-yhdistys\/wp-json\/wp\/v2\/posts"}],"about":[{"href":"https:\/\/tyyala.utu.fi\/turun-yk-yhdistys\/wp-json\/wp\/v2\/types\/post"}],"author":[{"embeddable":true,"href":"https:\/\/tyyala.utu.fi\/turun-yk-yhdistys\/wp-json\/wp\/v2\/users\/2003"}],"replies":[{"embeddable":true,"href":"https:\/\/tyyala.utu.fi\/turun-yk-yhdistys\/wp-json\/wp\/v2\/comments?post=2715"}],"version-history":[{"count":6,"href":"https:\/\/tyyala.utu.fi\/turun-yk-yhdistys\/wp-json\/wp\/v2\/posts\/2715\/revisions"}],"predecessor-version":[{"id":3752,"href":"https:\/\/tyyala.utu.fi\/turun-yk-yhdistys\/wp-json\/wp\/v2\/posts\/2715\/revisions\/3752"}],"wp:attachment":[{"href":"https:\/\/tyyala.utu.fi\/turun-yk-yhdistys\/wp-json\/wp\/v2\/media?parent=2715"}],"wp:term":[{"taxonomy":"category","embeddable":true,"href":"https:\/\/tyyala.utu.fi\/turun-yk-yhdistys\/wp-json\/wp\/v2\/categories?post=2715"},{"taxonomy":"post_tag","embeddable":true,"href":"https:\/\/tyyala.utu.fi\/turun-yk-yhdistys\/wp-json\/wp\/v2\/tags?post=2715"}],"curies":[{"name":"wp","href":"https:\/\/api.w.org\/{rel}","templated":true}]}}