{"id":1955,"date":"2019-09-17T18:48:11","date_gmt":"2019-09-17T16:48:11","guid":{"rendered":"http:\/\/tyyala.utu.fi\/prometheus\/?p=1955"},"modified":"2019-09-17T18:55:02","modified_gmt":"2019-09-17T16:55:02","slug":"kutsu-yhdistyksen-ylimaaraiseen-kokoukseen-1-10-2019-2","status":"publish","type":"post","link":"https:\/\/tyyala.utu.fi\/prometheus\/2019\/09\/kutsu-yhdistyksen-ylimaaraiseen-kokoukseen-1-10-2019-2\/","title":{"rendered":"Kutsu yhdistyksen ylim\u00e4\u00e4r\u00e4iseen kokoukseen 1.10.2019"},"content":{"rendered":"\n<p>Hei promelaiset!<\/p>\n\n\n\n<p>Tervetuloa yhdistyksen ylim\u00e4\u00e4r\u00e4iseen kokoukseen Sirkkalan\naulaan 1.10.2019 klo. 18. Kokouksessa k\u00e4sitell\u00e4\u00e4n hallituksen t\u00e4ydent\u00e4mist\u00e4\nsek\u00e4 tarkastetaan talousarvion ajantasaisuus ja mahdollisesti tehd\u00e4\u00e4n siihen\nmuutoksia. Esityslista l\u00f6ytyy t\u00e4m\u00e4n viestin lopusta.<\/p>\n\n\n\n<p>Kokous on avoin kaikille yhdistyksen j\u00e4senille, ja\njokaisella j\u00e4senell\u00e4 on \u00e4\u00e4nioikeus sek\u00e4 oikeus asettua ehdolle hallitukseen.\nValtakirjalla on mahdollisuus asettua ehdolle mutta ei \u00e4\u00e4nest\u00e4\u00e4. Valtakirja\nhoituu l\u00e4hett\u00e4m\u00e4ll\u00e4 puheenjohtajalle viesti\u00e4. Fuksit, muistakaa liitty\u00e4\nj\u00e4seniksi ennen kokousta: https:\/\/forms.gle\/QGZU7gyjwhUxBydi7<\/p>\n\n\n\n<p>Promen hallitukseen vapautuu loppuvuodeksi kaksi virkaa. Nyt\non siis hyv\u00e4 mahdollisuus liitty\u00e4 kokeilemaan, milt\u00e4 hallitushommat tuntuvat!\nPestit alkavat heti ylim\u00e4\u00e4r\u00e4isest\u00e4 kokouksesta ja jatkuvat t\u00e4m\u00e4n\nkalenterivuoden loppuun. <\/p>\n\n\n\n<p>Hallitukseen haetaan ensisijaisesti koulutuspoliittista\nvastaavaa ja juhlavastaavaa. Molemmat virat sopivat hyvin sek\u00e4 vanhemmalle ett\u00e4\nuudelle opiskelijalle. Virkoihin valitut saavat huolellisen perehdytyksen\nvirkoihinsa toiselta samassa virassa toimivalta kokeneemmalta hallituslaiselta.\nPesteihin ei siis vaadita aiempaa kokemusta yhdistystoiminnasta &#8211; into ja\nsitoutuminen riitt\u00e4v\u00e4t! <\/p>\n\n\n\n<p>N\u00e4hd\u00e4\u00e4n kokouksessa!<\/p>\n\n\n\n<p>Vuoden 2019 hallituksen puolesta<\/p>\n\n\n\n<p>Milja Majanlahti<\/p>\n\n\n\n<p>Puheenjohtaja<\/p>\n\n\n\n<p>**<\/p>\n\n\n\n<p>Yhdistyksen ylim\u00e4\u00e4r\u00e4isen kokouksen esityslista<\/p>\n\n\n\n<p>1\u00a7 Kokouksen avaaminen<\/p>\n\n\n\n<p>2\u00a7 Kokouksen puheenjohtajan, sihteerin,\np\u00f6yt\u00e4kirjantarkastajien ja \u00e4\u00e4ntenlaskijoiden valinta<\/p>\n\n\n\n<p>3\u00a7 Kokouksen laillisuuden ja p\u00e4\u00e4t\u00f6svaltaisuuden toteaminen<\/p>\n\n\n\n<p>4\u00a7 Esityslistan hyv\u00e4ksyminen<\/p>\n\n\n\n<p>5\u00a7 Hallituksen t\u00e4ydent\u00e4minen<\/p>\n\n\n\n<p>6\u00a7 Vuoden 2019 talousarvion tarkastaminen ja muutokset<\/p>\n\n\n\n<p>7\u00a7 Kokouksen p\u00e4\u00e4tt\u00e4minen<\/p>\n","protected":false},"excerpt":{"rendered":"<p>Hei promelaiset! Tervetuloa yhdistyksen ylim\u00e4\u00e4r\u00e4iseen kokoukseen Sirkkalan aulaan 1.10.2019 klo. 18. Kokouksessa k\u00e4sitell\u00e4\u00e4n hallituksen t\u00e4ydent\u00e4mist\u00e4 sek\u00e4 tarkastetaan talousarvion ajantasaisuus ja mahdollisesti tehd\u00e4\u00e4n siihen muutoksia. Esityslista l\u00f6ytyy t\u00e4m\u00e4n viestin lopusta. Kokous on avoin kaikille yhdistyksen j\u00e4senille, ja jokaisella j\u00e4senell\u00e4 on \u00e4\u00e4nioikeus sek\u00e4 oikeus asettua ehdolle hallitukseen. Valtakirjalla on mahdollisuus asettua ehdolle mutta ei \u00e4\u00e4nest\u00e4\u00e4. Valtakirja hoituu [&hellip;]<\/p>\n","protected":false},"author":274,"featured_media":0,"comment_status":"open","ping_status":"closed","sticky":false,"template":"","format":"standard","meta":{"footnotes":""},"categories":[7,1],"tags":[],"class_list":["post-1955","post","type-post","status-publish","format-standard","hentry","category-kokoukset","category-uncategorized","post-preview"],"_links":{"self":[{"href":"https:\/\/tyyala.utu.fi\/prometheus\/wp-json\/wp\/v2\/posts\/1955","targetHints":{"allow":["GET"]}}],"collection":[{"href":"https:\/\/tyyala.utu.fi\/prometheus\/wp-json\/wp\/v2\/posts"}],"about":[{"href":"https:\/\/tyyala.utu.fi\/prometheus\/wp-json\/wp\/v2\/types\/post"}],"author":[{"embeddable":true,"href":"https:\/\/tyyala.utu.fi\/prometheus\/wp-json\/wp\/v2\/users\/274"}],"replies":[{"embeddable":true,"href":"https:\/\/tyyala.utu.fi\/prometheus\/wp-json\/wp\/v2\/comments?post=1955"}],"version-history":[{"count":1,"href":"https:\/\/tyyala.utu.fi\/prometheus\/wp-json\/wp\/v2\/posts\/1955\/revisions"}],"predecessor-version":[{"id":1961,"href":"https:\/\/tyyala.utu.fi\/prometheus\/wp-json\/wp\/v2\/posts\/1955\/revisions\/1961"}],"wp:attachment":[{"href":"https:\/\/tyyala.utu.fi\/prometheus\/wp-json\/wp\/v2\/media?parent=1955"}],"wp:term":[{"taxonomy":"category","embeddable":true,"href":"https:\/\/tyyala.utu.fi\/prometheus\/wp-json\/wp\/v2\/categories?post=1955"},{"taxonomy":"post_tag","embeddable":true,"href":"https:\/\/tyyala.utu.fi\/prometheus\/wp-json\/wp\/v2\/tags?post=1955"}],"curies":[{"name":"wp","href":"https:\/\/api.w.org\/{rel}","templated":true}]}}