{"id":81,"date":"2011-11-16T23:45:16","date_gmt":"2011-11-16T21:45:16","guid":{"rendered":"http:\/\/org.utu.fi\/tyyala\/muusa\/?p=81"},"modified":"2011-11-17T12:13:21","modified_gmt":"2011-11-17T10:13:21","slug":"eika-maailma-paremmaksi-muutu-jos-ei-sita-paremmaksi-tee-eiko-siis-yritettaisi-viela-uudelleen","status":"publish","type":"post","link":"https:\/\/tyyala.utu.fi\/muusa\/2011\/11\/eika-maailma-paremmaksi-muutu-jos-ei-sita-paremmaksi-tee-eiko-siis-yritettaisi-viela-uudelleen\/","title":{"rendered":"Eik\u00e4 maailma paremmaksi muutu, jos ei sit\u00e4 paremmaksi tee \/ eik\u00f6 siis yritett\u00e4isi viel\u00e4 uudelleen?"},"content":{"rendered":"<p>Muusan uusi, hurmaavan s\u00e4dehtiv\u00e4 hallitus valittiin syyskokouksessa 14.11. Maailman parannuksesta vastaava joukkio n\u00e4ytt\u00e4\u00e4 seuraavalta:<\/p>\n<p>Puheenjohtaja: Roosa Vastam\u00e4ki <em>roovas [\u00e4t] utu.fi<\/em><\/p>\n<div>Varapuheenjohtaja: Noora Lehtim\u00e4ki <em>nsleht [\u00e4t] utu.fi<\/em><\/div>\n<div><\/div>\n<div>Sihteeri: Heidi Haapasalo <em>heihaaz [\u00e4t] utu.fi<\/em><\/div>\n<div><\/div>\n<div>Taloudenhoitaja: Julia Litokorpi <em>juallit [\u00e4t] utu.fi<\/em><\/div>\n<p>Tiedottaja: Emilian V\u00e4h\u00e4talo <em>emilia.vahatalo [\u00e4t] utu.fi<\/em><\/p>\n<p>Kulttuurivastaava: Noora Lindeman <em>noora.lindeman [\u00e4t] utu.fi<\/em><\/p>\n<p>Liikuntavastaava: Reetta Minkkinen <em>rmemin [\u00e4t] utu.fi<\/em><\/p>\n<p>Juhlavastaava: Kukka-Maaria Wessman <em>kakwes [\u00e4t] utu.fi<\/em><\/p>\n<p>Em\u00e4nt\u00e4: Mariam Magomedov <em>mariam.magomedov [\u00e4t] utu.fi<\/em><\/p>\n<p><strong>Hallituksen ulkopuoliset virat:<\/strong><\/p>\n<p>Sosiaalipoliittinen vastaava: Reetta Minkkinen<em> rmemin [\u00e4t] utu.fi<\/em><\/p>\n<p>Koulutuspoliittiset vastaavat: Julia Litokorpi <em>juallit [\u00e4t] utu.fi<\/em> ja Mariam Magomedov <em>mariam.magomedov [\u00e4t] utu.fi<\/em><\/p>\n<p>Verkkovastaava: Emilia V\u00e4h\u00e4talo <em>emilia.vahatalo[\u00e4t]utu.fi<\/em><\/p>\n<p>Tuutorvastaava: Kukka-Maaria Wessman<em> kakwes [\u00e4t] utu.fi<\/em><\/p>\n<p>Oheisen p\u00e4\u00e4toimittajat: Noora Lehtim\u00e4ki<em> nsleht [\u00e4t] utu.fi<\/em> ja Susanna Eronen <em>susanna.eronen [\u00e4t] utu.fi<\/em><\/p>\n<div>Kronikoitsijat: Roosa Vastam\u00e4ki<em> roovas [\u00e4t] utu.fi <\/em>ja Kukka-Maaria Wessman <em>kakwes [\u00e4t] utu.fi<\/em><\/div>\n<div><\/div>\n<div>Jalkapallomanageri: Reetta Minkkinen<em> rmemin [\u00e4t] utu.fi<\/em><\/div>\n<div><\/div>\n<div>Kirjamessuty\u00f6ryhm\u00e4: Emilia V\u00e4h\u00e4talo, Kukka-Maaria Wessman, Heidi Haapasalo, Noora Lehtim\u00e4ki ja Roosa Vastam\u00e4ki.<\/div>\n","protected":false},"excerpt":{"rendered":"<p>Muusan uusi, hurmaavan s\u00e4dehtiv\u00e4 hallitus valittiin syyskokouksessa 14.11. Maailman parannuksesta vastaava joukkio n\u00e4ytt\u00e4\u00e4 seuraavalta: Puheenjohtaja: Roosa Vastam\u00e4ki roovas [\u00e4t] utu.fi Varapuheenjohtaja: Noora Lehtim\u00e4ki nsleht [\u00e4t] utu.fi Sihteeri: Heidi Haapasalo heihaaz [\u00e4t] utu.fi Taloudenhoitaja: Julia Litokorpi juallit [\u00e4t] utu.fi Tiedottaja: Emilian V\u00e4h\u00e4talo emilia.vahatalo [\u00e4t] utu.fi Kulttuurivastaava: Noora Lindeman noora.lindeman [\u00e4t] utu.fi Liikuntavastaava: Reetta Minkkinen rmemin [\u00e4t] [&hellip;]<\/p>\n","protected":false},"author":259,"featured_media":0,"comment_status":"closed","ping_status":"closed","sticky":false,"template":"","format":"standard","meta":{"footnotes":""},"categories":[1],"tags":[],"class_list":["post-81","post","type-post","status-publish","format-standard","hentry","category-aiheeton","post-preview"],"_links":{"self":[{"href":"https:\/\/tyyala.utu.fi\/muusa\/wp-json\/wp\/v2\/posts\/81","targetHints":{"allow":["GET"]}}],"collection":[{"href":"https:\/\/tyyala.utu.fi\/muusa\/wp-json\/wp\/v2\/posts"}],"about":[{"href":"https:\/\/tyyala.utu.fi\/muusa\/wp-json\/wp\/v2\/types\/post"}],"author":[{"embeddable":true,"href":"https:\/\/tyyala.utu.fi\/muusa\/wp-json\/wp\/v2\/users\/259"}],"replies":[{"embeddable":true,"href":"https:\/\/tyyala.utu.fi\/muusa\/wp-json\/wp\/v2\/comments?post=81"}],"version-history":[{"count":0,"href":"https:\/\/tyyala.utu.fi\/muusa\/wp-json\/wp\/v2\/posts\/81\/revisions"}],"wp:attachment":[{"href":"https:\/\/tyyala.utu.fi\/muusa\/wp-json\/wp\/v2\/media?parent=81"}],"wp:term":[{"taxonomy":"category","embeddable":true,"href":"https:\/\/tyyala.utu.fi\/muusa\/wp-json\/wp\/v2\/categories?post=81"},{"taxonomy":"post_tag","embeddable":true,"href":"https:\/\/tyyala.utu.fi\/muusa\/wp-json\/wp\/v2\/tags?post=81"}],"curies":[{"name":"wp","href":"https:\/\/api.w.org\/{rel}","templated":true}]}}