{"id":672,"date":"2015-07-05T21:40:08","date_gmt":"2015-07-05T18:40:08","guid":{"rendered":"http:\/\/tyyala.utu.fi\/iva\/?p=672"},"modified":"2015-07-05T21:42:06","modified_gmt":"2015-07-05T18:42:06","slug":"tervetuloa-piltti-2015","status":"publish","type":"post","link":"https:\/\/tyyala.utu.fi\/iva\/2015\/07\/tervetuloa-piltti-2015\/","title":{"rendered":"Tervetuloa piltti 2015!"},"content":{"rendered":"<p>Onneksi olkoon opiskelupaikasta ja tervetuloa Turun yliopistoon biol\u00e4\u00e4ketieteen opiskelijaksi!<\/p>\n<p>Olethan muistanut vahvistaa opiskelupaikan ja ilmoittautua yliopistoon l\u00e4sn\u00e4- tai poissaolevaksi. Ohjeet l\u00f6yd\u00e4t <a href=\"http:\/\/www.utu.fi\/fi\/yksikot\/med\/opiskelu\/uudelle-opiskelijalle\/Sivut\/home.aspx\">t\u00e4\u00e4lt\u00e4.<\/a><\/p>\n<p>Opiskeluvuotesi starttaa orientaatioviikolla 12.08.2015. Tutustumisviikon aikana tuutorisi johdattavat sinut yliopistomaailman py\u00f6rteisiin. Tulet saamaan paljon hy\u00f6dyllist\u00e4 tietoa opinnoistasi ja k\u00e4yt\u00e4nn\u00f6n asioista sek\u00e4 tutustut opiskelukollegoihisi, tuutoreihisi ja ainej\u00e4rjest\u00f6\u00f6si.<\/p>\n<p>In Vitro Aboensis IVA ry:n sivuilta l\u00f6yd\u00e4t tietoa opiskelusta ja ainej\u00e4rjest\u00f6n toiminnasta. Ajankohtaisimmat tiedot l\u00f6yd\u00e4t <a href=\"https:\/\/www.facebook.com\/invitroaboensis?fref=ts\">facebookistamme<\/a>.\u00a0K\u00e4y tykk\u00e4\u00e4m\u00e4ss\u00e4 niin pysyt ainej\u00e4rjest\u00f6si menossa mukana alusta alkaen. Kuin my\u00f6s facebookissa <u>kaikkien<\/u> kannattaa k\u00e4yd\u00e4 liittym\u00e4ss\u00e4 vuosikurssisi <a href=\"https:\/\/www.facebook.com\/groups\/1003034436394146\/\">Piltit 2015 \u2013Facebook \u2013ryhm\u00e4\u00e4n<\/a>,\u00a0jossa p\u00e4\u00e4set heti tutustumaan tuleviin opiskelijakollegoihisi, ja jossa on tarjolla ajankohtaista tietoa syksyn tapahtumista sek\u00e4 faktaa ja vertaistukea yliopistoel\u00e4m\u00e4n aloittamiseen.<\/p>\n<p>Aurinkoista kes\u00e4\u00e4 ja tervetuloa mukaan IVA ry:n toimintaan, toivottaa IVA ry:n hallitus ja tuutorit<\/p>\n","protected":false},"excerpt":{"rendered":"<p>Onneksi olkoon opiskelupaikasta ja tervetuloa Turun yliopistoon biol\u00e4\u00e4ketieteen opiskelijaksi! Olethan muistanut vahvistaa opiskelupaikan ja ilmoittautua yliopistoon l\u00e4sn\u00e4- tai poissaolevaksi. Ohjeet l\u00f6yd\u00e4t t\u00e4\u00e4lt\u00e4. Opiskeluvuotesi starttaa orientaatioviikolla 12.08.2015. Tutustumisviikon aikana tuutorisi johdattavat [&hellip;]<\/p>\n","protected":false},"author":208,"featured_media":0,"comment_status":"closed","ping_status":"closed","sticky":false,"template":"","format":"standard","meta":{"footnotes":""},"categories":[1],"tags":[39,42,40,38,43,41],"class_list":["post-672","post","type-post","status-publish","format-standard","hentry","category-uncategorized","tag-biolaaketiede","tag-iva-ry","tag-orientaatio","tag-piltti","tag-syksy-2015","tag-uudet-opiskelijat"],"_links":{"self":[{"href":"https:\/\/tyyala.utu.fi\/iva\/wp-json\/wp\/v2\/posts\/672","targetHints":{"allow":["GET"]}}],"collection":[{"href":"https:\/\/tyyala.utu.fi\/iva\/wp-json\/wp\/v2\/posts"}],"about":[{"href":"https:\/\/tyyala.utu.fi\/iva\/wp-json\/wp\/v2\/types\/post"}],"author":[{"embeddable":true,"href":"https:\/\/tyyala.utu.fi\/iva\/wp-json\/wp\/v2\/users\/208"}],"replies":[{"embeddable":true,"href":"https:\/\/tyyala.utu.fi\/iva\/wp-json\/wp\/v2\/comments?post=672"}],"version-history":[{"count":2,"href":"https:\/\/tyyala.utu.fi\/iva\/wp-json\/wp\/v2\/posts\/672\/revisions"}],"predecessor-version":[{"id":674,"href":"https:\/\/tyyala.utu.fi\/iva\/wp-json\/wp\/v2\/posts\/672\/revisions\/674"}],"wp:attachment":[{"href":"https:\/\/tyyala.utu.fi\/iva\/wp-json\/wp\/v2\/media?parent=672"}],"wp:term":[{"taxonomy":"category","embeddable":true,"href":"https:\/\/tyyala.utu.fi\/iva\/wp-json\/wp\/v2\/categories?post=672"},{"taxonomy":"post_tag","embeddable":true,"href":"https:\/\/tyyala.utu.fi\/iva\/wp-json\/wp\/v2\/tags?post=672"}],"curies":[{"name":"wp","href":"https:\/\/api.w.org\/{rel}","templated":true}]}}