{"id":535,"date":"2013-03-26T12:11:07","date_gmt":"2013-03-26T10:11:07","guid":{"rendered":"http:\/\/tyyala.utu.fi\/iva\/?p=535"},"modified":"2013-03-26T12:13:24","modified_gmt":"2013-03-26T10:13:24","slug":"ivan-ja-digitin-aprillisitsit-3-4-13","status":"publish","type":"post","link":"https:\/\/tyyala.utu.fi\/iva\/2013\/03\/ivan-ja-digitin-aprillisitsit-3-4-13\/","title":{"rendered":"IVAn ja Digitin Aprillisitsit 3.4.13!"},"content":{"rendered":"<p>IVA ja Digit j\u00e4rjest\u00e4\u00e4 kev\u00e4\u00e4n ja pitk\u00e4\u00e4kin pidemm\u00e4n vapunodotuksen piristykseksi Aprillisitsit heti p\u00e4\u00e4si\u00e4isen j\u00e4lkeen 3.4. sotkulla klo 18.00. <a href=\"http:\/\/www.digit.fi\/enrol.php?v=event&amp;id=340\">Ilmo<\/a> aukeaa maanantaina 25.3. klo 14.00 osoitteessa samaan aikaan kaikille, joten pit\u00e4k\u00e4\u00e4 kiirett\u00e4, ett\u00e4 saadaan IVAlta vahva edustus torstaihin menness\u00e4! 8)<\/p>\n<p>Dresscode: Smart casual hyv\u00e4ll\u00e4 huijauksella h\u00f6ystettyn\u00e4 (esim. jollain pikku asusteella joka kertoo valkoisen valheen todellisesta olemuksestasi \ud83d\ude09<\/p>\n<p>Hinta: alkoholipitoisilla kuravesill\u00e4 12e\/puhtailla kuravesill\u00e4 10e.\u00a0Info my\u00f6s ilmon nettisivulla!<\/p>\n<p>Sitsest\u00e4 jatketaan klo 22:00 alkaville, hyvin nesteytetyille karkeloille jotka on h\u00f6ystetty v\u00e4hint\u00e4\u00e4n keskinkertaisella DJ:ll\u00e4! Bileet sis\u00e4ltyv\u00e4t sitsien hintaan, muille osallistuminen kustantaa 2 euroa.<\/p>\n<p>MY\u00d6S PIENT\u00c4 APUA TARVITAAN, joten ilmoita itsesi sitsien onnistumisen ja yhteisen hyv\u00e4n puolesta sinulle sopivaan pikku hommaan <a href=\"http:\/\/lilja.asteriski.fi\/nakki\/165\/\">Nakittimen <\/a> kautta TAI muuhun teht\u00e4v\u00e4\u00e4n kuten innokuutesi seremoniamestarina tai laulunjohtajana suoraan emaililla Veeralle (vekaoj).<\/p>\n","protected":false},"excerpt":{"rendered":"<p>IVA ja Digit j\u00e4rjest\u00e4\u00e4 kev\u00e4\u00e4n ja pitk\u00e4\u00e4kin pidemm\u00e4n vapunodotuksen piristykseksi Aprillisitsit heti p\u00e4\u00e4si\u00e4isen j\u00e4lkeen 3.4. sotkulla klo 18.00. Ilmo aukeaa maanantaina 25.3. klo 14.00 osoitteessa samaan aikaan kaikille, joten pit\u00e4k\u00e4\u00e4 [&hellip;]<\/p>\n","protected":false},"author":208,"featured_media":0,"comment_status":"closed","ping_status":"closed","sticky":false,"template":"","format":"standard","meta":{"footnotes":""},"categories":[1],"tags":[17,16],"class_list":["post-535","post","type-post","status-publish","format-standard","hentry","category-uncategorized","tag-digit","tag-sitsit"],"_links":{"self":[{"href":"https:\/\/tyyala.utu.fi\/iva\/wp-json\/wp\/v2\/posts\/535","targetHints":{"allow":["GET"]}}],"collection":[{"href":"https:\/\/tyyala.utu.fi\/iva\/wp-json\/wp\/v2\/posts"}],"about":[{"href":"https:\/\/tyyala.utu.fi\/iva\/wp-json\/wp\/v2\/types\/post"}],"author":[{"embeddable":true,"href":"https:\/\/tyyala.utu.fi\/iva\/wp-json\/wp\/v2\/users\/208"}],"replies":[{"embeddable":true,"href":"https:\/\/tyyala.utu.fi\/iva\/wp-json\/wp\/v2\/comments?post=535"}],"version-history":[{"count":4,"href":"https:\/\/tyyala.utu.fi\/iva\/wp-json\/wp\/v2\/posts\/535\/revisions"}],"predecessor-version":[{"id":538,"href":"https:\/\/tyyala.utu.fi\/iva\/wp-json\/wp\/v2\/posts\/535\/revisions\/538"}],"wp:attachment":[{"href":"https:\/\/tyyala.utu.fi\/iva\/wp-json\/wp\/v2\/media?parent=535"}],"wp:term":[{"taxonomy":"category","embeddable":true,"href":"https:\/\/tyyala.utu.fi\/iva\/wp-json\/wp\/v2\/categories?post=535"},{"taxonomy":"post_tag","embeddable":true,"href":"https:\/\/tyyala.utu.fi\/iva\/wp-json\/wp\/v2\/tags?post=535"}],"curies":[{"name":"wp","href":"https:\/\/api.w.org\/{rel}","templated":true}]}}