{"id":405,"date":"2011-09-16T20:40:15","date_gmt":"2011-09-16T20:40:15","guid":{"rendered":"http:\/\/org.utu.fi\/tyyala\/iva\/?p=405"},"modified":"2013-04-18T11:08:14","modified_gmt":"2013-04-18T08:08:14","slug":"vuosijuhlat","status":"publish","type":"post","link":"https:\/\/tyyala.utu.fi\/iva\/2011\/09\/vuosijuhlat\/","title":{"rendered":"Vuosijuhlat"},"content":{"rendered":"<p style=\"text-align: center;\"><a href=\"http:\/\/org.utu.fi\/tyyala\/iva\/kuvia\/juliste.jpeg\"><img loading=\"lazy\" decoding=\"async\" class=\"aligncenter\" title=\"vuosijuhlat\" src=\"https:\/\/tyyala.utu.fi\/iva\/kuvia\/juliste.jpeg\" alt=\"\" width=\"273\" height=\"386\" \/><\/a><\/p>\n<p>In        Vitro Aboensis IVA ry:n 13-vuotisjuhlia vietet\u00e4\u00e4n perjantaina 21.       p\u00e4iv\u00e4 lokakuuta Liedon Vanhalinnassa.<\/p>\n<p>Ilmoittautuminen       juhliin tapahtuu osoitteessa <a href=\"https:\/\/vuosijuhlat.doodle.com\/qvushpf5g4c6hqp7\" target=\"1\">https:\/\/vuosijuhlat.doodle.com\/qvushpf5g4c6hqp7<\/a> tiistaina 20. syyskuuta klo 07.00 alkaen.<\/p>\n<p>Lis\u00e4\u00e4 tietoa <a href=\"https:\/\/tyyala.utu.fi\/iva\/?page_id=399\">vuosijuhlasivulta<\/a>.<\/p>\n","protected":false},"excerpt":{"rendered":"<p>In Vitro Aboensis IVA ry:n 13-vuotisjuhlia vietet\u00e4\u00e4n perjantaina 21. p\u00e4iv\u00e4 lokakuuta Liedon Vanhalinnassa. Ilmoittautuminen juhliin tapahtuu osoitteessa https:\/\/vuosijuhlat.doodle.com\/qvushpf5g4c6hqp7 tiistaina 20. syyskuuta klo 07.00 alkaen. Lis\u00e4\u00e4 tietoa vuosijuhlasivulta.<\/p>\n","protected":false},"author":208,"featured_media":0,"comment_status":"closed","ping_status":"closed","sticky":false,"template":"","format":"standard","meta":{"footnotes":""},"categories":[1],"tags":[5],"class_list":["post-405","post","type-post","status-publish","format-standard","hentry","category-uncategorized","tag-vuosijuhlat"],"_links":{"self":[{"href":"https:\/\/tyyala.utu.fi\/iva\/wp-json\/wp\/v2\/posts\/405","targetHints":{"allow":["GET"]}}],"collection":[{"href":"https:\/\/tyyala.utu.fi\/iva\/wp-json\/wp\/v2\/posts"}],"about":[{"href":"https:\/\/tyyala.utu.fi\/iva\/wp-json\/wp\/v2\/types\/post"}],"author":[{"embeddable":true,"href":"https:\/\/tyyala.utu.fi\/iva\/wp-json\/wp\/v2\/users\/208"}],"replies":[{"embeddable":true,"href":"https:\/\/tyyala.utu.fi\/iva\/wp-json\/wp\/v2\/comments?post=405"}],"version-history":[{"count":11,"href":"https:\/\/tyyala.utu.fi\/iva\/wp-json\/wp\/v2\/posts\/405\/revisions"}],"predecessor-version":[{"id":414,"href":"https:\/\/tyyala.utu.fi\/iva\/wp-json\/wp\/v2\/posts\/405\/revisions\/414"}],"wp:attachment":[{"href":"https:\/\/tyyala.utu.fi\/iva\/wp-json\/wp\/v2\/media?parent=405"}],"wp:term":[{"taxonomy":"category","embeddable":true,"href":"https:\/\/tyyala.utu.fi\/iva\/wp-json\/wp\/v2\/categories?post=405"},{"taxonomy":"post_tag","embeddable":true,"href":"https:\/\/tyyala.utu.fi\/iva\/wp-json\/wp\/v2\/tags?post=405"}],"curies":[{"name":"wp","href":"https:\/\/api.w.org\/{rel}","templated":true}]}}