{"id":951,"date":"2020-08-26T12:01:29","date_gmt":"2020-08-26T10:01:29","guid":{"rendered":"https:\/\/tyyala.utu.fi\/germanica\/?p=951"},"modified":"2021-12-15T16:27:06","modified_gmt":"2021-12-15T14:27:06","slug":"syksyn-2020-hallitus-verwaltung-des-herbsts-2020","status":"publish","type":"post","link":"https:\/\/tyyala.utu.fi\/germanica\/2020\/08\/syksyn-2020-hallitus-verwaltung-des-herbsts-2020\/","title":{"rendered":"Syksyn 2020 hallitus \/ Fachschaftsvorstand des Herbstes 2020"},"content":{"rendered":"\n<p>Puheenjohtaja \/Vorsitztende : Aatu Hussa [alahus(at)utu.fi]<\/p>\n\n\n\n<p>Sihteeri \/Sekret\u00e4r : Oona Turkki  [orturk(at)utu.fi]<\/p>\n\n\n\n<p>Taloudenhoitaja \/Kassenwartin: Oona Leinonen [oelein(at)utu.fi]<\/p>\n\n\n\n<p>Koulutuspoliittinen vastaava\/Bildungspolitik: Vili Iisalo [viveii(at)utu.fi]<\/p>\n\n\n\n<p>Sosiaalipoliittinen vastaava\/ Sozialpolitik: Henna Garrandt  [heriga(at)utu.fi]<\/p>\n\n\n\n<p>Tapahtumavastaavat\/Veranstaltungen: Jaantje M\u00fcller [jsmull(at)utu.fi] ; Anssi Arola<\/p>\n\n\n\n<p>H\u00e4irint\u00e4yhdyshenkil\u00f6\/Kontaktperson in Beeintr\u00e4chtigungsf\u00e4llen: Jaantje M\u00fcller [jsmull(at)utu.fi]<\/p>\n","protected":false},"excerpt":{"rendered":"<p>Puheenjohtaja \/Vorsitztende : Aatu Hussa [alahus(at)utu.fi] Sihteeri \/Sekret\u00e4r : Oona Turkki [orturk(at)utu.fi] Taloudenhoitaja \/Kassenwartin: Oona Leinonen [oelein(at)utu.fi] Koulutuspoliittinen vastaava\/Bildungspolitik: Vili Iisalo [viveii(at)utu.fi] Sosiaalipoliittinen vastaava\/ Sozialpolitik: Henna Garrandt [heriga(at)utu.fi] Tapahtumavastaavat\/Veranstaltungen: Jaantje M\u00fcller [jsmull(at)utu.fi] ; Anssi Arola H\u00e4irint\u00e4yhdyshenkil\u00f6\/Kontaktperson in Beeintr\u00e4chtigungsf\u00e4llen: Jaantje M\u00fcller [jsmull(at)utu.fi]<\/p>\n","protected":false},"author":196,"featured_media":0,"comment_status":"closed","ping_status":"closed","sticky":false,"template":"","format":"standard","meta":{"_kad_blocks_custom_css":"","_kad_blocks_head_custom_js":"","_kad_blocks_body_custom_js":"","_kad_blocks_footer_custom_js":"","footnotes":""},"categories":[1],"tags":[],"class_list":{"0":"post-951","1":"post","2":"type-post","3":"status-publish","4":"format-standard","6":"category-uncategorized","7":"czr-hentry"},"taxonomy_info":{"category":[{"value":1,"label":"Uncategorized"}]},"featured_image_src_large":false,"author_info":{"display_name":"Germanica","author_link":"https:\/\/tyyala.utu.fi\/germanica\/author\/germanica\/"},"comment_info":0,"category_info":[{"term_id":1,"name":"Uncategorized","slug":"uncategorized","term_group":0,"term_taxonomy_id":1,"taxonomy":"category","description":"","parent":0,"count":18,"filter":"raw","cat_ID":1,"category_count":18,"category_description":"","cat_name":"Uncategorized","category_nicename":"uncategorized","category_parent":0}],"tag_info":false,"_links":{"self":[{"href":"https:\/\/tyyala.utu.fi\/germanica\/wp-json\/wp\/v2\/posts\/951","targetHints":{"allow":["GET"]}}],"collection":[{"href":"https:\/\/tyyala.utu.fi\/germanica\/wp-json\/wp\/v2\/posts"}],"about":[{"href":"https:\/\/tyyala.utu.fi\/germanica\/wp-json\/wp\/v2\/types\/post"}],"author":[{"embeddable":true,"href":"https:\/\/tyyala.utu.fi\/germanica\/wp-json\/wp\/v2\/users\/196"}],"replies":[{"embeddable":true,"href":"https:\/\/tyyala.utu.fi\/germanica\/wp-json\/wp\/v2\/comments?post=951"}],"version-history":[{"count":4,"href":"https:\/\/tyyala.utu.fi\/germanica\/wp-json\/wp\/v2\/posts\/951\/revisions"}],"predecessor-version":[{"id":1265,"href":"https:\/\/tyyala.utu.fi\/germanica\/wp-json\/wp\/v2\/posts\/951\/revisions\/1265"}],"wp:attachment":[{"href":"https:\/\/tyyala.utu.fi\/germanica\/wp-json\/wp\/v2\/media?parent=951"}],"wp:term":[{"taxonomy":"category","embeddable":true,"href":"https:\/\/tyyala.utu.fi\/germanica\/wp-json\/wp\/v2\/categories?post=951"},{"taxonomy":"post_tag","embeddable":true,"href":"https:\/\/tyyala.utu.fi\/germanica\/wp-json\/wp\/v2\/tags?post=951"}],"curies":[{"name":"wp","href":"https:\/\/api.w.org\/{rel}","templated":true}]}}