{"id":518,"date":"2015-12-11T11:05:21","date_gmt":"2015-12-11T09:05:21","guid":{"rendered":"http:\/\/tyyala.utu.fi\/germanica\/?p=518"},"modified":"2015-12-11T11:05:21","modified_gmt":"2015-12-11T09:05:21","slug":"germanistipaivat-2016","status":"publish","type":"post","link":"https:\/\/tyyala.utu.fi\/germanica\/2015\/12\/germanistipaivat-2016\/","title":{"rendered":"Germanistip\u00e4iv\u00e4t 2016"},"content":{"rendered":"<p>Ei t\u00e4\u00e4l mitt\u00e4 Germanistip\u00e4ivi\u00e4 ois? No niin, nyt on Turun vuoro!<\/p>\n<p>Germanica toivottaa kaikki Suomen saksan kielen opiskelijat l\u00e4mpim\u00e4sti tervetulleeksi ensi vuonna pidett\u00e4viin Germanistip\u00e4iviin 4.-6.3.2016. Luvassa varmasti ikimuistoinen kolmip\u00e4iv\u00e4inen tapahtuma, jossa pystyy tutustumaan uusiin ihmisiin yli kaupunkirajojen. T\u00e4\u00e4ll\u00e4 Turun p\u00e4\u00e4ss\u00e4 olemme jo aivan t\u00e4pin\u00f6iss\u00e4mme:)<\/p>\n<p>T\u00e4ss\u00e4 viel\u00e4 linkki FB-tapahtumaan:\u00a0https:\/\/www.facebook.com\/events\/872555782862775\/<\/p>\n<p>Germanistiterveisin \u00a0 \u00a0 \u00a0 \u00a0 \u00a0 \u00a0 \u00a0 \u00a0 \u00a0 \u00a0 \u00a0 \u00a0 \u00a0 \u00a0 \u00a0 \u00a0 \u00a0 \u00a0 \u00a0 \u00a0 \u00a0 \u00a0 \u00a0 \u00a0 \u00a0 \u00a0 \u00a0 \u00a0 \u00a0 \u00a0 \u00a0 \u00a0 \u00a0 \u00a0 \u00a0 \u00a0 \u00a0 \u00a0 \u00a0 \u00a0 \u00a0 \u00a0 \u00a0 \u00a0 \u00a0 \u00a0 \u00a0 \u00a0 \u00a0 \u00a0 \u00a0 \u00a0 \u00a0 \u00a0 \u00a0 \u00a0 \u00a0 \u00a0 \u00a0 \u00a0 \u00a0 \u00a0 \u00a0 \u00a0 \u00a0 \u00a0 \u00a0 \u00a0 Germanica ry<\/p>\n","protected":false},"excerpt":{"rendered":"<p>Ei t\u00e4\u00e4l mitt\u00e4 Germanistip\u00e4ivi\u00e4 ois? No niin, nyt on Turun vuoro! Germanica toivottaa kaikki Suomen saksan kielen opiskelijat l\u00e4mpim\u00e4sti tervetulleeksi ensi vuonna pidett\u00e4viin Germanistip\u00e4iviin 4.-6.3.2016. Luvassa varmasti ikimuistoinen kolmip\u00e4iv\u00e4inen tapahtuma, jossa pystyy tutustumaan uusiin ihmisiin yli kaupunkirajojen. T\u00e4\u00e4ll\u00e4 Turun p\u00e4\u00e4ss\u00e4 olemme jo aivan t\u00e4pin\u00f6iss\u00e4mme:) T\u00e4ss\u00e4 viel\u00e4 linkki FB-tapahtumaan:\u00a0https:\/\/www.facebook.com\/events\/872555782862775\/ Germanistiterveisin \u00a0 \u00a0 \u00a0 \u00a0 \u00a0 \u00a0 [&hellip;]<\/p>\n","protected":false},"author":196,"featured_media":0,"comment_status":"closed","ping_status":"closed","sticky":false,"template":"","format":"standard","meta":{"_kad_blocks_custom_css":"","_kad_blocks_head_custom_js":"","_kad_blocks_body_custom_js":"","_kad_blocks_footer_custom_js":"","footnotes":""},"categories":[1],"tags":[],"class_list":{"0":"post-518","1":"post","2":"type-post","3":"status-publish","4":"format-standard","6":"category-uncategorized","7":"czr-hentry"},"taxonomy_info":{"category":[{"value":1,"label":"Uncategorized"}]},"featured_image_src_large":false,"author_info":{"display_name":"Germanica","author_link":"https:\/\/tyyala.utu.fi\/germanica\/author\/germanica\/"},"comment_info":0,"category_info":[{"term_id":1,"name":"Uncategorized","slug":"uncategorized","term_group":0,"term_taxonomy_id":1,"taxonomy":"category","description":"","parent":0,"count":18,"filter":"raw","cat_ID":1,"category_count":18,"category_description":"","cat_name":"Uncategorized","category_nicename":"uncategorized","category_parent":0}],"tag_info":false,"_links":{"self":[{"href":"https:\/\/tyyala.utu.fi\/germanica\/wp-json\/wp\/v2\/posts\/518","targetHints":{"allow":["GET"]}}],"collection":[{"href":"https:\/\/tyyala.utu.fi\/germanica\/wp-json\/wp\/v2\/posts"}],"about":[{"href":"https:\/\/tyyala.utu.fi\/germanica\/wp-json\/wp\/v2\/types\/post"}],"author":[{"embeddable":true,"href":"https:\/\/tyyala.utu.fi\/germanica\/wp-json\/wp\/v2\/users\/196"}],"replies":[{"embeddable":true,"href":"https:\/\/tyyala.utu.fi\/germanica\/wp-json\/wp\/v2\/comments?post=518"}],"version-history":[{"count":1,"href":"https:\/\/tyyala.utu.fi\/germanica\/wp-json\/wp\/v2\/posts\/518\/revisions"}],"predecessor-version":[{"id":519,"href":"https:\/\/tyyala.utu.fi\/germanica\/wp-json\/wp\/v2\/posts\/518\/revisions\/519"}],"wp:attachment":[{"href":"https:\/\/tyyala.utu.fi\/germanica\/wp-json\/wp\/v2\/media?parent=518"}],"wp:term":[{"taxonomy":"category","embeddable":true,"href":"https:\/\/tyyala.utu.fi\/germanica\/wp-json\/wp\/v2\/categories?post=518"},{"taxonomy":"post_tag","embeddable":true,"href":"https:\/\/tyyala.utu.fi\/germanica\/wp-json\/wp\/v2\/tags?post=518"}],"curies":[{"name":"wp","href":"https:\/\/api.w.org\/{rel}","templated":true}]}}