{"id":1361,"date":"2024-01-08T17:20:15","date_gmt":"2024-01-08T15:20:15","guid":{"rendered":"https:\/\/tyyala.utu.fi\/germanica\/?p=1361"},"modified":"2024-01-08T17:21:41","modified_gmt":"2024-01-08T15:21:41","slug":"germanican-hallitus-kevaalle-2024-fachschaftsvorstand-fur-fruhling-2024","status":"publish","type":"post","link":"https:\/\/tyyala.utu.fi\/germanica\/2024\/01\/germanican-hallitus-kevaalle-2024-fachschaftsvorstand-fur-fruhling-2024\/","title":{"rendered":"Germanican hallitus kev\u00e4\u00e4lle 2024 \/ Fachschaftsvorstand f\u00fcr Fr\u00fchling 2024"},"content":{"rendered":"\n<p>Puheenjohtaja: Anna Huuhka<\/p>\n\n\n\n<p>Taloudenhoitaja: Samuli Heinonen<\/p>\n\n\n\n<p>Sihteeri: Linda Lintunen<\/p>\n\n\n\n<p>Varapuheenjohtaja: Linda Lintunen<\/p>\n\n\n\n<p>Tapahtumavastaavat: Iina Rantala, Elli Heikkil\u00e4, Jasmina All\u00e9n, Maija V\u00e4lim\u00e4ki<\/p>\n\n\n\n<p>Sosiaalipoliittinen vastaava: Selma Melkko<\/p>\n\n\n\n<p>Koulutuspoliittinen vastaava: Leimu Laine<\/p>\n\n\n\n<p>Tiedottaja: Nuppu Kettunen<\/p>\n\n\n\n<p>Postivastaava: Nuppu Kettunen<\/p>\n\n\n\n<p>Ymp\u00e4rist\u00f6vastaava: Elli Heikkil\u00e4<\/p>\n\n\n\n<p>Kansainv\u00e4lisyysvastaava: Leimu Laine<\/p>\n\n\n\n<p>Yhteistilavastaava: Selma Melkko<\/p>\n\n\n\n<p>Kirja-, merkki- ja collegevastaava: Samuli Heinonen<\/p>\n\n\n\n<p>Tuutorivastaava: Maija V\u00e4lim\u00e4ki<\/p>\n\n\n\n<p>Yhdenvertaisuusvastaava: Jasmina All\u00e9n<\/p>\n\n\n\n<p>Liikuntavastaava: Selma Melkko<\/p>\n\n\n\n<p>Somevastaavat: Linda Lintunen, Maija V\u00e4lim\u00e4ki, Jasmina All\u00e9n<\/p>\n\n\n\n<p>Varaj\u00e4sen: Mira Lahti<\/p>\n","protected":false},"excerpt":{"rendered":"<p>Puheenjohtaja: Anna Huuhka Taloudenhoitaja: Samuli Heinonen Sihteeri: Linda Lintunen Varapuheenjohtaja: Linda Lintunen Tapahtumavastaavat: Iina Rantala, Elli Heikkil\u00e4, Jasmina All\u00e9n, Maija V\u00e4lim\u00e4ki Sosiaalipoliittinen vastaava: Selma Melkko Koulutuspoliittinen vastaava: Leimu Laine Tiedottaja: Nuppu Kettunen Postivastaava: Nuppu Kettunen Ymp\u00e4rist\u00f6vastaava: Elli Heikkil\u00e4 Kansainv\u00e4lisyysvastaava: Leimu Laine Yhteistilavastaava: Selma Melkko Kirja-, merkki- ja collegevastaava: Samuli Heinonen Tuutorivastaava: Maija V\u00e4lim\u00e4ki Yhdenvertaisuusvastaava: Jasmina [&hellip;]<\/p>\n","protected":false},"author":196,"featured_media":0,"comment_status":"closed","ping_status":"closed","sticky":false,"template":"","format":"standard","meta":{"_kad_blocks_custom_css":"","_kad_blocks_head_custom_js":"","_kad_blocks_body_custom_js":"","_kad_blocks_footer_custom_js":"","footnotes":""},"categories":[1],"tags":[],"class_list":{"0":"post-1361","1":"post","2":"type-post","3":"status-publish","4":"format-standard","6":"category-uncategorized","7":"czr-hentry"},"taxonomy_info":{"category":[{"value":1,"label":"Uncategorized"}]},"featured_image_src_large":false,"author_info":{"display_name":"Germanica","author_link":"https:\/\/tyyala.utu.fi\/germanica\/author\/germanica\/"},"comment_info":0,"category_info":[{"term_id":1,"name":"Uncategorized","slug":"uncategorized","term_group":0,"term_taxonomy_id":1,"taxonomy":"category","description":"","parent":0,"count":18,"filter":"raw","cat_ID":1,"category_count":18,"category_description":"","cat_name":"Uncategorized","category_nicename":"uncategorized","category_parent":0}],"tag_info":false,"_links":{"self":[{"href":"https:\/\/tyyala.utu.fi\/germanica\/wp-json\/wp\/v2\/posts\/1361","targetHints":{"allow":["GET"]}}],"collection":[{"href":"https:\/\/tyyala.utu.fi\/germanica\/wp-json\/wp\/v2\/posts"}],"about":[{"href":"https:\/\/tyyala.utu.fi\/germanica\/wp-json\/wp\/v2\/types\/post"}],"author":[{"embeddable":true,"href":"https:\/\/tyyala.utu.fi\/germanica\/wp-json\/wp\/v2\/users\/196"}],"replies":[{"embeddable":true,"href":"https:\/\/tyyala.utu.fi\/germanica\/wp-json\/wp\/v2\/comments?post=1361"}],"version-history":[{"count":2,"href":"https:\/\/tyyala.utu.fi\/germanica\/wp-json\/wp\/v2\/posts\/1361\/revisions"}],"predecessor-version":[{"id":1363,"href":"https:\/\/tyyala.utu.fi\/germanica\/wp-json\/wp\/v2\/posts\/1361\/revisions\/1363"}],"wp:attachment":[{"href":"https:\/\/tyyala.utu.fi\/germanica\/wp-json\/wp\/v2\/media?parent=1361"}],"wp:term":[{"taxonomy":"category","embeddable":true,"href":"https:\/\/tyyala.utu.fi\/germanica\/wp-json\/wp\/v2\/categories?post=1361"},{"taxonomy":"post_tag","embeddable":true,"href":"https:\/\/tyyala.utu.fi\/germanica\/wp-json\/wp\/v2\/tags?post=1361"}],"curies":[{"name":"wp","href":"https:\/\/api.w.org\/{rel}","templated":true}]}}