{"id":1339,"date":"2023-07-12T00:52:50","date_gmt":"2023-07-11T22:52:50","guid":{"rendered":"https:\/\/tyyala.utu.fi\/germanica\/?p=1339"},"modified":"2023-11-14T17:06:19","modified_gmt":"2023-11-14T15:06:19","slug":"germanican-hallitus-syksylle-2023-fachschaftsvorstand-fur-herbst-2023","status":"publish","type":"post","link":"https:\/\/tyyala.utu.fi\/germanica\/2023\/07\/germanican-hallitus-syksylle-2023-fachschaftsvorstand-fur-herbst-2023\/","title":{"rendered":"Germanican hallitus syksylle 2023 \/ Fachschaftsvorstand f\u00fcr Herbst 2023"},"content":{"rendered":"\n<p>Puheenjohtaja: Titta Sariola<\/p>\n\n\n\n<p>Taloudenhoitaja: Samuli Heinonen<\/p>\n\n\n\n<p>Sihteeri: Anna Huuhka<\/p>\n\n\n\n<p>Varapuheenjohtaja: Samuli Heinonen<\/p>\n\n\n\n<p>Tapahtumavastaavat: Linda Lintunen, Elli Heikkil\u00e4, Oona Leinonen<\/p>\n\n\n\n<p>Sosiaalipoliittinen vastaava: Selma Melkko<\/p>\n\n\n\n<p>Koulutuspoliittinen vastaava: Armas T\u00f6ykk\u00e4l\u00e4<\/p>\n\n\n\n<p>Tiedottaja: Nuppu Kettunen<\/p>\n\n\n\n<p>Postivastaava: Nuppu Kettunen<\/p>\n\n\n\n<p>Ymp\u00e4rist\u00f6vastaava: Elli Heikkil\u00e4<\/p>\n\n\n\n<p>Kansainv\u00e4lisyysvastaava: Armas T\u00f6ykk\u00e4l\u00e4<\/p>\n\n\n\n<p>Yhteistilavastaava: Selma Melkko<\/p>\n\n\n\n<p>Tuutorvastaava: Linda Lintunen<\/p>\n\n\n\n<p>Yhdenvertaisuusvastaava: Mira Lahti<\/p>\n\n\n\n<p>Liikuntavastaava: Nuppu Kettunen<\/p>\n\n\n\n<p>Somevastaavat: Linda Lintunen, Selma Melkko, Oona Leinonen<\/p>\n\n\n\n<p>Varaj\u00e4senet: Marian Kubanda, Iina Rantala<\/p>\n","protected":false},"excerpt":{"rendered":"<p>Puheenjohtaja: Titta Sariola Taloudenhoitaja: Samuli Heinonen Sihteeri: Anna Huuhka Varapuheenjohtaja: Samuli Heinonen Tapahtumavastaavat: Linda Lintunen, Elli Heikkil\u00e4, Oona Leinonen Sosiaalipoliittinen vastaava: Selma Melkko Koulutuspoliittinen vastaava: Armas T\u00f6ykk\u00e4l\u00e4 Tiedottaja: Nuppu Kettunen Postivastaava: Nuppu Kettunen Ymp\u00e4rist\u00f6vastaava: Elli Heikkil\u00e4 Kansainv\u00e4lisyysvastaava: Armas T\u00f6ykk\u00e4l\u00e4 Yhteistilavastaava: Selma Melkko Tuutorvastaava: Linda Lintunen Yhdenvertaisuusvastaava: Mira Lahti Liikuntavastaava: Nuppu Kettunen Somevastaavat: Linda Lintunen, Selma [&hellip;]<\/p>\n","protected":false},"author":196,"featured_media":0,"comment_status":"closed","ping_status":"closed","sticky":false,"template":"","format":"standard","meta":{"_kad_blocks_custom_css":"","_kad_blocks_head_custom_js":"","_kad_blocks_body_custom_js":"","_kad_blocks_footer_custom_js":"","footnotes":""},"categories":[1],"tags":[],"class_list":{"0":"post-1339","1":"post","2":"type-post","3":"status-publish","4":"format-standard","6":"category-uncategorized","7":"czr-hentry"},"taxonomy_info":{"category":[{"value":1,"label":"Uncategorized"}]},"featured_image_src_large":false,"author_info":{"display_name":"Germanica","author_link":"https:\/\/tyyala.utu.fi\/germanica\/author\/germanica\/"},"comment_info":0,"category_info":[{"term_id":1,"name":"Uncategorized","slug":"uncategorized","term_group":0,"term_taxonomy_id":1,"taxonomy":"category","description":"","parent":0,"count":18,"filter":"raw","cat_ID":1,"category_count":18,"category_description":"","cat_name":"Uncategorized","category_nicename":"uncategorized","category_parent":0}],"tag_info":false,"_links":{"self":[{"href":"https:\/\/tyyala.utu.fi\/germanica\/wp-json\/wp\/v2\/posts\/1339","targetHints":{"allow":["GET"]}}],"collection":[{"href":"https:\/\/tyyala.utu.fi\/germanica\/wp-json\/wp\/v2\/posts"}],"about":[{"href":"https:\/\/tyyala.utu.fi\/germanica\/wp-json\/wp\/v2\/types\/post"}],"author":[{"embeddable":true,"href":"https:\/\/tyyala.utu.fi\/germanica\/wp-json\/wp\/v2\/users\/196"}],"replies":[{"embeddable":true,"href":"https:\/\/tyyala.utu.fi\/germanica\/wp-json\/wp\/v2\/comments?post=1339"}],"version-history":[{"count":3,"href":"https:\/\/tyyala.utu.fi\/germanica\/wp-json\/wp\/v2\/posts\/1339\/revisions"}],"predecessor-version":[{"id":1353,"href":"https:\/\/tyyala.utu.fi\/germanica\/wp-json\/wp\/v2\/posts\/1339\/revisions\/1353"}],"wp:attachment":[{"href":"https:\/\/tyyala.utu.fi\/germanica\/wp-json\/wp\/v2\/media?parent=1339"}],"wp:term":[{"taxonomy":"category","embeddable":true,"href":"https:\/\/tyyala.utu.fi\/germanica\/wp-json\/wp\/v2\/categories?post=1339"},{"taxonomy":"post_tag","embeddable":true,"href":"https:\/\/tyyala.utu.fi\/germanica\/wp-json\/wp\/v2\/tags?post=1339"}],"curies":[{"name":"wp","href":"https:\/\/api.w.org\/{rel}","templated":true}]}}