{"id":1317,"date":"2023-01-18T03:38:15","date_gmt":"2023-01-18T01:38:15","guid":{"rendered":"https:\/\/tyyala.utu.fi\/germanica\/?p=1317"},"modified":"2026-04-23T10:17:19","modified_gmt":"2026-04-23T08:17:19","slug":"germanican-hallitus-kevaalle-2023-fachschaftsvorstand-fur-fruhling-2023","status":"publish","type":"post","link":"https:\/\/tyyala.utu.fi\/germanica\/2023\/01\/germanican-hallitus-kevaalle-2023-fachschaftsvorstand-fur-fruhling-2023\/","title":{"rendered":"Germanican hallitus kev\u00e4\u00e4lle 2023 \/ Fachschaftsvorstand f\u00fcr Fr\u00fchling 2023"},"content":{"rendered":"\n<p>Syyskokouksessa 14.11.2022 valitsimme Germanicalle uuden hallituksen kev\u00e4\u00e4lle 2023.<\/p>\n\n\n\n<p>Puheenjohtaja: Titta Sariola<\/p>\n\n\n\n<p>Sihteeri: Oona Leinonen <\/p>\n\n\n\n<p>Taloudenhoitaja: \u2013<\/p>\n\n\n\n<p>Varapuheenjohtaja: Maiju Nenonen<\/p>\n\n\n\n<p>Tapahtumavastaavat: Mira Lahti, Oona Leinonen, Linda Lintunen, Elli Heikkil\u00e4<\/p>\n\n\n\n<p>Sosiaalipoliittinen vastaava: Maiju Nenonen<\/p>\n\n\n\n<p>Koulutuspoliittinen vastaava: Oskari Mutikainen<\/p>\n\n\n\n<p>Tiedottaja: Nuppu Kettunen<\/p>\n\n\n\n<p>Postivastaava: Oskari Mutikainen<\/p>\n\n\n\n<p>Ymp\u00e4rist\u00f6vastaava: Mira Lahti<\/p>\n\n\n\n<p>Kansainv\u00e4lisyysvastaava: Oskari Mutikainen<\/p>\n\n\n\n<p>Yhteistilavastaava: Maiju Nenonen<\/p>\n\n\n\n<p>Kirja-, merkki- ja collegevastaava: Saara \u00c4\u00e4ritalo<\/p>\n\n\n\n<p>Tuutorvastaava: Linda Lintunen<\/p>\n\n\n\n<p>Yhdenvertaisuusvastaava: Oona Leinonen<\/p>\n\n\n\n<p>Liikuntavastaava: Nuppu Kettunen<\/p>\n\n\n\n<p>Somevastaavat: Mira Lahti, Oona Leinonen<\/p>\n\n\n\n<p>Varaj\u00e4senet: Marian Kubanda, Anssi Arola<\/p>\n","protected":false},"excerpt":{"rendered":"<p>Syyskokouksessa 14.11.2022 valitsimme Germanicalle uuden hallituksen kev\u00e4\u00e4lle 2023. Puheenjohtaja: Titta Sariola Sihteeri: Oona Leinonen Taloudenhoitaja: \u2013 Varapuheenjohtaja: Maiju Nenonen Tapahtumavastaavat: Mira Lahti, Oona Leinonen, Linda Lintunen, Elli Heikkil\u00e4 Sosiaalipoliittinen vastaava: Maiju Nenonen Koulutuspoliittinen vastaava: Oskari Mutikainen Tiedottaja: Nuppu Kettunen Postivastaava: Oskari Mutikainen Ymp\u00e4rist\u00f6vastaava: Mira Lahti Kansainv\u00e4lisyysvastaava: Oskari Mutikainen Yhteistilavastaava: Maiju Nenonen Kirja-, merkki- ja collegevastaava: [&hellip;]<\/p>\n","protected":false},"author":196,"featured_media":0,"comment_status":"closed","ping_status":"closed","sticky":false,"template":"","format":"standard","meta":{"_kad_blocks_custom_css":"","_kad_blocks_head_custom_js":"","_kad_blocks_body_custom_js":"","_kad_blocks_footer_custom_js":"","footnotes":""},"categories":[1],"tags":[],"class_list":{"0":"post-1317","1":"post","2":"type-post","3":"status-publish","4":"format-standard","6":"category-uncategorized","7":"czr-hentry"},"taxonomy_info":{"category":[{"value":1,"label":"Uncategorized"}]},"featured_image_src_large":false,"author_info":{"display_name":"Germanica","author_link":"https:\/\/tyyala.utu.fi\/germanica\/author\/germanica\/"},"comment_info":0,"category_info":[{"term_id":1,"name":"Uncategorized","slug":"uncategorized","term_group":0,"term_taxonomy_id":1,"taxonomy":"category","description":"","parent":0,"count":18,"filter":"raw","cat_ID":1,"category_count":18,"category_description":"","cat_name":"Uncategorized","category_nicename":"uncategorized","category_parent":0}],"tag_info":false,"_links":{"self":[{"href":"https:\/\/tyyala.utu.fi\/germanica\/wp-json\/wp\/v2\/posts\/1317","targetHints":{"allow":["GET"]}}],"collection":[{"href":"https:\/\/tyyala.utu.fi\/germanica\/wp-json\/wp\/v2\/posts"}],"about":[{"href":"https:\/\/tyyala.utu.fi\/germanica\/wp-json\/wp\/v2\/types\/post"}],"author":[{"embeddable":true,"href":"https:\/\/tyyala.utu.fi\/germanica\/wp-json\/wp\/v2\/users\/196"}],"replies":[{"embeddable":true,"href":"https:\/\/tyyala.utu.fi\/germanica\/wp-json\/wp\/v2\/comments?post=1317"}],"version-history":[{"count":2,"href":"https:\/\/tyyala.utu.fi\/germanica\/wp-json\/wp\/v2\/posts\/1317\/revisions"}],"predecessor-version":[{"id":1533,"href":"https:\/\/tyyala.utu.fi\/germanica\/wp-json\/wp\/v2\/posts\/1317\/revisions\/1533"}],"wp:attachment":[{"href":"https:\/\/tyyala.utu.fi\/germanica\/wp-json\/wp\/v2\/media?parent=1317"}],"wp:term":[{"taxonomy":"category","embeddable":true,"href":"https:\/\/tyyala.utu.fi\/germanica\/wp-json\/wp\/v2\/categories?post=1317"},{"taxonomy":"post_tag","embeddable":true,"href":"https:\/\/tyyala.utu.fi\/germanica\/wp-json\/wp\/v2\/tags?post=1317"}],"curies":[{"name":"wp","href":"https:\/\/api.w.org\/{rel}","templated":true}]}}