{"id":1266,"date":"2021-12-15T16:54:42","date_gmt":"2021-12-15T14:54:42","guid":{"rendered":"https:\/\/tyyala.utu.fi\/germanica\/?p=1266"},"modified":"2022-01-13T20:32:27","modified_gmt":"2022-01-13T18:32:27","slug":"germanican-hallitus-kevaalle-2022-fachschaftsvorstand-fur-fruhling-2021","status":"publish","type":"post","link":"https:\/\/tyyala.utu.fi\/germanica\/2021\/12\/germanican-hallitus-kevaalle-2022-fachschaftsvorstand-fur-fruhling-2021\/","title":{"rendered":"Germanican hallitus kev\u00e4\u00e4lle 2022 \/ Fachschaftsvorstand f\u00fcr Fr\u00fchling 2022"},"content":{"rendered":"\n<p>Syyskokouksessa 10.11.2021 valitsimme Germanicalle uuden hallituksen vuodelle 2022.<\/p>\n\n\n\n<p><\/p>\n\n\n\n<p>Puheenjohtaja: Vili Iisalo<\/p>\n\n\n\n<p>Sihteeri: Henna Garrandt<br>Taloudenhoitaja: Oona Leinonen<br>Varapuheenjohtaja: Anssi Arola<br>Tapahtumavastaavat: Mira Lahti, Maiju Nenonen, Rebekka Sauram\u00e4ki<br>Koulutuspoliittinen vastaava: Rebekka Sauram\u00e4ki<br>Sosiaalipoliittinen vastaava: Henna Garrandt<br>Kansainv\u00e4lisyysvastaava: Anssi Arola<br>Kirja-, merkki- ja collegevastaava: Oona Leinonen<br>Tiedottaja: Nuppu Kettunen<br>Postivastaava: Nuppu Kettunen<br>Liikuntavastaava: Nuppu Kettunen<br>Yhdenvertaisuusvastaava: Rebekka Sauram\u00e4ki<br>Kahvihuone- ja yhteistilavastaava: Vili Iisalo<br>Ymp\u00e4rist\u00f6vastaava: Anssi Arola<br>Tuutorvastaava: Oona Turkki<br>Varaj\u00e4sen: Marian Kubanda<br>Varaj\u00e4sen: Jaantje M\u00fcller<\/p>\n","protected":false},"excerpt":{"rendered":"<p>Syyskokouksessa 10.11.2021 valitsimme Germanicalle uuden hallituksen vuodelle 2022. Puheenjohtaja: Vili Iisalo Sihteeri: Henna GarrandtTaloudenhoitaja: Oona LeinonenVarapuheenjohtaja: Anssi ArolaTapahtumavastaavat: Mira Lahti, Maiju Nenonen, Rebekka Sauram\u00e4kiKoulutuspoliittinen vastaava: Rebekka Sauram\u00e4kiSosiaalipoliittinen vastaava: Henna GarrandtKansainv\u00e4lisyysvastaava: Anssi ArolaKirja-, merkki- ja collegevastaava: Oona LeinonenTiedottaja: Nuppu KettunenPostivastaava: Nuppu KettunenLiikuntavastaava: Nuppu KettunenYhdenvertaisuusvastaava: Rebekka Sauram\u00e4kiKahvihuone- ja yhteistilavastaava: Vili IisaloYmp\u00e4rist\u00f6vastaava: Anssi ArolaTuutorvastaava: Oona TurkkiVaraj\u00e4sen: Marian KubandaVaraj\u00e4sen: [&hellip;]<\/p>\n","protected":false},"author":196,"featured_media":0,"comment_status":"closed","ping_status":"closed","sticky":false,"template":"","format":"standard","meta":{"_kad_blocks_custom_css":"","_kad_blocks_head_custom_js":"","_kad_blocks_body_custom_js":"","_kad_blocks_footer_custom_js":"","footnotes":""},"categories":[1],"tags":[],"class_list":{"0":"post-1266","1":"post","2":"type-post","3":"status-publish","4":"format-standard","6":"category-uncategorized","7":"czr-hentry"},"taxonomy_info":{"category":[{"value":1,"label":"Uncategorized"}]},"featured_image_src_large":false,"author_info":{"display_name":"Germanica","author_link":"https:\/\/tyyala.utu.fi\/germanica\/author\/germanica\/"},"comment_info":0,"category_info":[{"term_id":1,"name":"Uncategorized","slug":"uncategorized","term_group":0,"term_taxonomy_id":1,"taxonomy":"category","description":"","parent":0,"count":18,"filter":"raw","cat_ID":1,"category_count":18,"category_description":"","cat_name":"Uncategorized","category_nicename":"uncategorized","category_parent":0}],"tag_info":false,"_links":{"self":[{"href":"https:\/\/tyyala.utu.fi\/germanica\/wp-json\/wp\/v2\/posts\/1266","targetHints":{"allow":["GET"]}}],"collection":[{"href":"https:\/\/tyyala.utu.fi\/germanica\/wp-json\/wp\/v2\/posts"}],"about":[{"href":"https:\/\/tyyala.utu.fi\/germanica\/wp-json\/wp\/v2\/types\/post"}],"author":[{"embeddable":true,"href":"https:\/\/tyyala.utu.fi\/germanica\/wp-json\/wp\/v2\/users\/196"}],"replies":[{"embeddable":true,"href":"https:\/\/tyyala.utu.fi\/germanica\/wp-json\/wp\/v2\/comments?post=1266"}],"version-history":[{"count":4,"href":"https:\/\/tyyala.utu.fi\/germanica\/wp-json\/wp\/v2\/posts\/1266\/revisions"}],"predecessor-version":[{"id":1280,"href":"https:\/\/tyyala.utu.fi\/germanica\/wp-json\/wp\/v2\/posts\/1266\/revisions\/1280"}],"wp:attachment":[{"href":"https:\/\/tyyala.utu.fi\/germanica\/wp-json\/wp\/v2\/media?parent=1266"}],"wp:term":[{"taxonomy":"category","embeddable":true,"href":"https:\/\/tyyala.utu.fi\/germanica\/wp-json\/wp\/v2\/categories?post=1266"},{"taxonomy":"post_tag","embeddable":true,"href":"https:\/\/tyyala.utu.fi\/germanica\/wp-json\/wp\/v2\/tags?post=1266"}],"curies":[{"name":"wp","href":"https:\/\/api.w.org\/{rel}","templated":true}]}}