{"id":1260,"date":"2021-12-15T16:00:53","date_gmt":"2021-12-15T14:00:53","guid":{"rendered":"https:\/\/tyyala.utu.fi\/germanica\/?p=1260"},"modified":"2021-12-15T16:00:55","modified_gmt":"2021-12-15T14:00:55","slug":"syksyn-2021-hallitus-fachschaftsvorstand-des-herbstes-2021","status":"publish","type":"post","link":"https:\/\/tyyala.utu.fi\/germanica\/2021\/12\/syksyn-2021-hallitus-fachschaftsvorstand-des-herbstes-2021\/","title":{"rendered":"Syksyn 2021 hallitus \/ Fachschaftsvorstand des Herbstes 2021"},"content":{"rendered":"\n<p>Puheenjohtaja \/Vorsitztende : Johanna Aamurusko [jesaam(at)utu.fi]<\/p>\n\n\n\n<p>Sihteeri \/Sekret\u00e4r : Nina Vainikka [nina.h.vainikka(at)utu.fi]<\/p>\n\n\n\n<p>Taloudenhoitaja \/Kassenwartin: Jaantje M\u00fcller [jsmull(at)utu.fi]<\/p>\n\n\n\n<p>Koulutuspoliittinen vastaava\/Bildungspolitik:  Nina Vainikka [nina.h.vainikka(at)utu.fi]<\/p>\n\n\n\n<p>Varapuheenjohtaja, kahvihuone- ja yhteistilavastaava \/ Stellvertretender Vorsitzender ; Kaffee- und Gemeinschaftsraum: Vili Iisalo [vili.v.iisalo(at)utu.fi]<\/p>\n\n\n\n<p>Sosiaalipoliittinen vastaava\/ Sozialpolitik: Henna Garrandt [heriga(at)utu.fi]<\/p>\n\n\n\n<p>Tapahtumavastaavat\/Veranstaltungen: Oona Leinonen [oelein(at)utu.fi] ; Anssi Arola [aearol(at)utu.fi] ; Rebekka Sauram\u00e4ki [rebekka.a.sauramaki(at)utu.fi]<\/p>\n\n\n\n<p>Yhdenvertaisuusvastaava\/Kontaktperson in Bel\u00e4stigungsf\u00e4llen: Jaantje M\u00fcller [jsmull(at)utu.fi]<\/p>\n\n\n\n<p>Tiedottaja ja postivastaava \/ Kommunikation, Medien &amp; Post: Anssi Arola [aearol(at)utu.fi]<\/p>\n\n\n\n<p>Kansainv\u00e4lisyysvastaava \/ Internationale Angelegenheiten: Anssi Arola [aearol(at)utu.fi] <\/p>\n\n\n\n<p>Ymp\u00e4rist\u00f6vastaava ja liikuntavastaava \/ Umweltbeauftragter &amp; Sport: Johanna Aamurusko [jesaam(at)utu.fi]<\/p>\n","protected":false},"excerpt":{"rendered":"<p>Puheenjohtaja \/Vorsitztende : Johanna Aamurusko [jesaam(at)utu.fi] Sihteeri \/Sekret\u00e4r : Nina Vainikka [nina.h.vainikka(at)utu.fi] Taloudenhoitaja \/Kassenwartin: Jaantje M\u00fcller [jsmull(at)utu.fi] Koulutuspoliittinen vastaava\/Bildungspolitik: Nina Vainikka [nina.h.vainikka(at)utu.fi] Varapuheenjohtaja, kahvihuone- ja yhteistilavastaava \/ Stellvertretender Vorsitzender ; Kaffee- und Gemeinschaftsraum: Vili Iisalo [vili.v.iisalo(at)utu.fi] Sosiaalipoliittinen vastaava\/ Sozialpolitik: Henna Garrandt [heriga(at)utu.fi] Tapahtumavastaavat\/Veranstaltungen: Oona Leinonen [oelein(at)utu.fi] ; Anssi Arola [aearol(at)utu.fi] ; Rebekka Sauram\u00e4ki [rebekka.a.sauramaki(at)utu.fi] Yhdenvertaisuusvastaava\/Kontaktperson [&hellip;]<\/p>\n","protected":false},"author":196,"featured_media":0,"comment_status":"closed","ping_status":"closed","sticky":false,"template":"","format":"standard","meta":{"_kad_blocks_custom_css":"","_kad_blocks_head_custom_js":"","_kad_blocks_body_custom_js":"","_kad_blocks_footer_custom_js":"","footnotes":""},"categories":[1],"tags":[],"class_list":{"0":"post-1260","1":"post","2":"type-post","3":"status-publish","4":"format-standard","6":"category-uncategorized","7":"czr-hentry"},"taxonomy_info":{"category":[{"value":1,"label":"Uncategorized"}]},"featured_image_src_large":false,"author_info":{"display_name":"Germanica","author_link":"https:\/\/tyyala.utu.fi\/germanica\/author\/germanica\/"},"comment_info":0,"category_info":[{"term_id":1,"name":"Uncategorized","slug":"uncategorized","term_group":0,"term_taxonomy_id":1,"taxonomy":"category","description":"","parent":0,"count":18,"filter":"raw","cat_ID":1,"category_count":18,"category_description":"","cat_name":"Uncategorized","category_nicename":"uncategorized","category_parent":0}],"tag_info":false,"_links":{"self":[{"href":"https:\/\/tyyala.utu.fi\/germanica\/wp-json\/wp\/v2\/posts\/1260","targetHints":{"allow":["GET"]}}],"collection":[{"href":"https:\/\/tyyala.utu.fi\/germanica\/wp-json\/wp\/v2\/posts"}],"about":[{"href":"https:\/\/tyyala.utu.fi\/germanica\/wp-json\/wp\/v2\/types\/post"}],"author":[{"embeddable":true,"href":"https:\/\/tyyala.utu.fi\/germanica\/wp-json\/wp\/v2\/users\/196"}],"replies":[{"embeddable":true,"href":"https:\/\/tyyala.utu.fi\/germanica\/wp-json\/wp\/v2\/comments?post=1260"}],"version-history":[{"count":1,"href":"https:\/\/tyyala.utu.fi\/germanica\/wp-json\/wp\/v2\/posts\/1260\/revisions"}],"predecessor-version":[{"id":1262,"href":"https:\/\/tyyala.utu.fi\/germanica\/wp-json\/wp\/v2\/posts\/1260\/revisions\/1262"}],"wp:attachment":[{"href":"https:\/\/tyyala.utu.fi\/germanica\/wp-json\/wp\/v2\/media?parent=1260"}],"wp:term":[{"taxonomy":"category","embeddable":true,"href":"https:\/\/tyyala.utu.fi\/germanica\/wp-json\/wp\/v2\/categories?post=1260"},{"taxonomy":"post_tag","embeddable":true,"href":"https:\/\/tyyala.utu.fi\/germanica\/wp-json\/wp\/v2\/tags?post=1260"}],"curies":[{"name":"wp","href":"https:\/\/api.w.org\/{rel}","templated":true}]}}