{"id":379,"date":"2025-03-27T23:36:27","date_gmt":"2025-03-27T21:36:27","guid":{"rendered":"https:\/\/tyyala.utu.fi\/f-piste\/?p=379"},"modified":"2025-03-27T23:36:27","modified_gmt":"2025-03-27T21:36:27","slug":"tervetuloa-f-pisteen-kevatkokoukseen","status":"publish","type":"post","link":"https:\/\/tyyala.utu.fi\/f-piste\/2025\/03\/27\/tervetuloa-f-pisteen-kevatkokoukseen\/","title":{"rendered":"Tervetuloa F-pisteen kev\u00e4tkokoukseen!"},"content":{"rendered":"\n<p>Tervetuloa F-Pisteen kev\u00e4tkokoukseen 2025!<\/p>\n\n\n\n<p>F-Piste ry:n kev\u00e4tkokous j\u00e4rjestet\u00e4\u00e4n torstaina 3.4.2025 klo 17- alkaen Arcanumin Meri-tilassa (1. krs) ja pyydett\u00e4ess\u00e4 et\u00e4yhteydell\u00e4. Liitteen\u00e4 esityslista. <\/p>\n\n\n\n<p>Kokous on avoin F-Pisteen j\u00e4senist\u00f6lle. Tervetuloa mukaan!<\/p>\n\n\n\n<p>Kev\u00e4isin terveisin<br>Puheenjohtaja Leeni Takanen ja varapuheenjohtaja Eeva Mikkola sek\u00e4 muu hallitus<\/p>\n\n\n\n<p>\u2013<\/p>\n\n\n\n<p>F-Piste ry:n kev\u00e4tkokouksen esityslista 2025<br>Torstai 3.4.2025 klo 17- @ Meri-tila, Arcanum<\/p>\n\n\n\n<p>1. Kokouksen avaus<br>2. Valitaan puheenjohtaja, sihteeri, kaksi p\u00f6yt\u00e4kirjantarkastajaa ja tarvittaessa kaksi \u00e4\u00e4ntenlaskijaa<br>3. Todetaan kokouksen laillisuus ja p\u00e4\u00e4t\u00f6svaltaisuus<br>4. Hyv\u00e4ksyt\u00e4\u00e4n kokouksen ty\u00f6j\u00e4rjestys<br>5. Esitet\u00e4\u00e4n tilikauden 2024 tilinp\u00e4\u00e4t\u00f6s, vuosikertomus ja toiminnantarkastajien lausunto<br>6. P\u00e4\u00e4tet\u00e4\u00e4n tilikauden 2024 tilinp\u00e4\u00e4t\u00f6ksen vahvistamisesta ja vastuuvapauden my\u00f6nt\u00e4misest\u00e4 kauden 2024 hallitukselle ja muille vastuuvelvollisille<br>7. K\u00e4sitell\u00e4\u00e4n muut esille tulevat asiat<br>8. Kokouksen p\u00e4\u00e4tt\u00e4minen<\/p>\n","protected":false},"excerpt":{"rendered":"<p>Tervetuloa F-Pisteen kev\u00e4tkokoukseen 2025! F-Piste ry:n kev\u00e4tkokous j\u00e4rjestet\u00e4\u00e4n torstaina 3.4.2025 klo 17- alkaen Arcanumin Meri-tilassa (1. krs) ja pyydett\u00e4ess\u00e4 et\u00e4yhteydell\u00e4. Liitteen\u00e4 esityslista. Kokous on avoin F-Pisteen j\u00e4senist\u00f6lle. Tervetuloa mukaan! Kev\u00e4isin terveisinPuheenjohtaja Leeni Takanen ja varapuheenjohtaja Eeva Mikkola sek\u00e4 muu hallitus \u2013 F-Piste ry:n kev\u00e4tkokouksen esityslista 2025Torstai 3.4.2025 klo 17- @ Meri-tila, Arcanum 1. Kokouksen avaus2. [&hellip;]<\/p>\n","protected":false},"author":3475,"featured_media":0,"comment_status":"closed","ping_status":"closed","sticky":false,"template":"","format":"standard","meta":{"footnotes":""},"categories":[1],"tags":[],"class_list":["post-379","post","type-post","status-publish","format-standard","hentry","category-uncategorized","post-preview"],"_links":{"self":[{"href":"https:\/\/tyyala.utu.fi\/f-piste\/wp-json\/wp\/v2\/posts\/379","targetHints":{"allow":["GET"]}}],"collection":[{"href":"https:\/\/tyyala.utu.fi\/f-piste\/wp-json\/wp\/v2\/posts"}],"about":[{"href":"https:\/\/tyyala.utu.fi\/f-piste\/wp-json\/wp\/v2\/types\/post"}],"author":[{"embeddable":true,"href":"https:\/\/tyyala.utu.fi\/f-piste\/wp-json\/wp\/v2\/users\/3475"}],"replies":[{"embeddable":true,"href":"https:\/\/tyyala.utu.fi\/f-piste\/wp-json\/wp\/v2\/comments?post=379"}],"version-history":[{"count":2,"href":"https:\/\/tyyala.utu.fi\/f-piste\/wp-json\/wp\/v2\/posts\/379\/revisions"}],"predecessor-version":[{"id":382,"href":"https:\/\/tyyala.utu.fi\/f-piste\/wp-json\/wp\/v2\/posts\/379\/revisions\/382"}],"wp:attachment":[{"href":"https:\/\/tyyala.utu.fi\/f-piste\/wp-json\/wp\/v2\/media?parent=379"}],"wp:term":[{"taxonomy":"category","embeddable":true,"href":"https:\/\/tyyala.utu.fi\/f-piste\/wp-json\/wp\/v2\/categories?post=379"},{"taxonomy":"post_tag","embeddable":true,"href":"https:\/\/tyyala.utu.fi\/f-piste\/wp-json\/wp\/v2\/tags?post=379"}],"curies":[{"name":"wp","href":"https:\/\/api.w.org\/{rel}","templated":true}]}}