{"id":352,"date":"2014-05-14T15:00:38","date_gmt":"2014-05-14T15:00:38","guid":{"rendered":"http:\/\/ap.onjumpstarter.io\/?p=352"},"modified":"2018-02-20T20:53:18","modified_gmt":"2018-02-20T18:53:18","slug":"purjejolla-kaatui-ruissalossa-nelja-veden-varaan","status":"publish","type":"post","link":"https:\/\/tyyala.utu.fi\/akateeminenpurjehdusseura\/2014\/purjejolla-kaatui-ruissalossa-nelja-veden-varaan\/","title":{"rendered":"Purjejolla kaatui Ruissalossa, nelj\u00e4 veden varaan"},"content":{"rendered":"<p><span class=\"userContent translationEligibleUserMessage\">Kuka se oli? Meriselityksi\u00e4 seuraavassa tapahtumassa. Vaikuttaa silt\u00e4, ett\u00e4 Stillist\u00e4 on tulossa ihan mielenkiintoinen yksil\u00f6. Onhan se ehtinyt olla meid\u00e4n hallussa jo kaksi kokonaista p\u00e4iv\u00e4\u00e4 ja molemmissa on ollut enemm\u00e4n kuin seikkailua.<\/span><\/p>\n<p><a href=\"http:\/\/www.ts.fi\/uutiset\/kotimaa\/629701\/Purjejolla+kaatui+Ruissalossa+nelja+veden+varaan\" target=\"_blank\">Turun sanomien uutinen aiheesta.<\/a><\/p>\n","protected":false},"excerpt":{"rendered":"<p>Kuka se oli? Meriselityksi\u00e4 seuraavassa tapahtumassa. Vaikuttaa silt\u00e4, ett\u00e4 Stillist\u00e4 on tulossa ihan mielenkiintoinen yksil\u00f6. Onhan se ehtinyt olla meid\u00e4n hallussa jo kaksi kokonaista p\u00e4iv\u00e4\u00e4 ja molemmissa on ollut enemm\u00e4n kuin seikkailua. Turun sanomien uutinen aiheesta.<\/p>\n","protected":false},"author":181,"featured_media":411,"comment_status":"closed","ping_status":"closed","sticky":false,"template":"","format":"standard","meta":{"footnotes":""},"categories":[2],"tags":[],"class_list":["post-352","post","type-post","status-publish","format-standard","has-post-thumbnail","hentry","category-news"],"_links":{"self":[{"href":"https:\/\/tyyala.utu.fi\/akateeminenpurjehdusseura\/wp-json\/wp\/v2\/posts\/352","targetHints":{"allow":["GET"]}}],"collection":[{"href":"https:\/\/tyyala.utu.fi\/akateeminenpurjehdusseura\/wp-json\/wp\/v2\/posts"}],"about":[{"href":"https:\/\/tyyala.utu.fi\/akateeminenpurjehdusseura\/wp-json\/wp\/v2\/types\/post"}],"author":[{"embeddable":true,"href":"https:\/\/tyyala.utu.fi\/akateeminenpurjehdusseura\/wp-json\/wp\/v2\/users\/181"}],"replies":[{"embeddable":true,"href":"https:\/\/tyyala.utu.fi\/akateeminenpurjehdusseura\/wp-json\/wp\/v2\/comments?post=352"}],"version-history":[{"count":1,"href":"https:\/\/tyyala.utu.fi\/akateeminenpurjehdusseura\/wp-json\/wp\/v2\/posts\/352\/revisions"}],"predecessor-version":[{"id":412,"href":"https:\/\/tyyala.utu.fi\/akateeminenpurjehdusseura\/wp-json\/wp\/v2\/posts\/352\/revisions\/412"}],"wp:featuredmedia":[{"embeddable":true,"href":"https:\/\/tyyala.utu.fi\/akateeminenpurjehdusseura\/wp-json\/wp\/v2\/media\/411"}],"wp:attachment":[{"href":"https:\/\/tyyala.utu.fi\/akateeminenpurjehdusseura\/wp-json\/wp\/v2\/media?parent=352"}],"wp:term":[{"taxonomy":"category","embeddable":true,"href":"https:\/\/tyyala.utu.fi\/akateeminenpurjehdusseura\/wp-json\/wp\/v2\/categories?post=352"},{"taxonomy":"post_tag","embeddable":true,"href":"https:\/\/tyyala.utu.fi\/akateeminenpurjehdusseura\/wp-json\/wp\/v2\/tags?post=352"}],"curies":[{"name":"wp","href":"https:\/\/api.w.org\/{rel}","templated":true}]}}